{"id":68659,"date":"2020-06-20T20:28:01","date_gmt":"2020-06-20T18:28:01","guid":{"rendered":"https:\/\/miurltemporal.com/main/triatletasenred.sport.es\/?p=68659"},"modified":"2020-06-21T12:50:40","modified_gmt":"2020-06-21T10:50:40","slug":"el-calendario-de-carreras-populares-2020","status":"publish","type":"post","link":"https:\/\/miurltemporal.com/main/triatletasenred.sport.es\/actualidad\/el-calendario-de-carreras-populares-2020\/","title":{"rendered":"El calendario de carreras populares 2020"},"content":{"rendered":"<h3>El running va encontrando su lugar en un calendario que d\u00eda tras d\u00eda va tomando forma<\/h3>\n<p><\/a><\/p>\n<p>Recogemos en este post la previsi\u00f3n de pruebas que ya han sido aprobadas por la RFEA, despu\u00e9s de que el pasado 8 de marzo, se cancelaran todas las competiciones.<\/p>\n<p><b>Ra\u00fal Chapado<\/b>, presidente de la federeaci\u00f3n, avisa de que<\/p>\n<blockquote><p>&#8220;solo si la evoluci\u00f3n de la pandemia y las medidas adoptadas por las autoridades p\u00fablicas competentes permiten que se celebrar\u00e1n estas competiciones, porque sigue siendo una prioridad la protecci\u00f3n de la salud de las personas del atletismo&#8221;.<\/p><\/blockquote>\n<hr \/>\n<h4><b>Calendario 2020<\/b><\/h4>\n<p><b>12 septiembre:<\/b><\/p>\n<ul>\n<li>10K Huelva Puente del Descubrimiento<\/li>\n<li>\u00a0Milla Nocturna de Reinosa<\/li>\n<\/ul>\n<p><b>13 septiembre<\/b>:<\/p>\n<ul>\n<li>Madrid Corre por Madrid<\/li>\n<\/ul>\n<p><b>19 septiembre:<\/b><\/p>\n<ul>\n<li>Medio Marat\u00f3n de Azkoitia<\/li>\n<\/ul>\n<p><b>20 septiembre:<\/b><\/p>\n<ul>\n<li>Medio Marat\u00f3n de Alicante<\/li>\n<li>Cursa de la Merc\u00e9 de Barcelona<\/li>\n<li>Medio Marat\u00f3n Ciudad de Pamplona<\/li>\n<\/ul>\n<p><b>26 septiembre:<\/b><\/p>\n<ul>\n<li>15k Nocturna Valencia<\/li>\n<li>Ibiza Medio Marat\u00f3n<\/li>\n<li>50-100 km de Cantabria<\/li>\n<\/ul>\n<p><b>27 septiembre:<\/b><\/p>\n<ul>\n<li>Medio Marat\u00f3n de Valladolid<\/li>\n<li>X Media Marat\u00f3n Cervantina de Alcal\u00e1 de Henares<\/li>\n<li>Carrera de San Jos\u00e9<\/li>\n<\/ul>\n<p><b>2 de octubre<\/b><\/p>\n<ul>\n<li>Transvulcania Marat\u00f3n<\/li>\n<\/ul>\n<p><b>\u00a03 octubre:<\/b><\/p>\n<ul>\n<li>10 Km en ruta Villa de Laredo<\/li>\n<li>Ibiza Marathon<\/li>\n<\/ul>\n<p><b>\u00a04 octubre:\u00a0<\/b><\/p>\n<ul>\n<li>Medio Marat\u00f3n de Madrid<\/li>\n<li>Carrera de las Empresas Bilbao<\/li>\n<li>Marat\u00f3n Ciudad de Logro\u00f1o<\/li>\n<li>Carrera Popular Coru\u00f1a 10<\/li>\n<\/ul>\n<p><b>10 octubre<\/b><\/p>\n<ul>\n<li>Milla de Berango<\/li>\n<\/ul>\n<p><b>18 octubre: \u00a0\u00a0\u00a0<\/b><\/p>\n<ul>\n<li>Medio Marat\u00f3n de Elche<\/li>\n<li>Carrera CSIC Madrid<\/li>\n<li>Marat\u00f3n Popular de Castilla La Mancha Ciudad Real<\/li>\n<\/ul>\n<p><b>24 octubre:<\/b><\/p>\n<ul>\n<li>Bilbao Night Marat\u00f3n<\/li>\n<li>Revent\u00f3n Trail El Paso<\/li>\n<\/ul>\n<p><b>25 octubre:<\/b><\/p>\n<ul>\n<li>Zurich Marat\u00f3 de Barcelona<\/li>\n<li>Medio Marat\u00f3n de Valencia<\/li>\n<li>Medio Marat\u00f3n de la Mujer de Madrid<\/li>\n<li>Carrera Popular Costa de Ajo<\/li>\n<\/ul>\n<p><b>\u00a08 noviembre:<\/b><\/p>\n<ul>\n<li>Medio Marat\u00f3n de M\u00e1laga<\/li>\n<li>Behobia San Sebasti\u00e1n<\/li>\n<li>Mann-Filter Marat\u00f3n de Zaragoza<\/li>\n<\/ul>\n<p><b>14-15 noviembre<\/b><\/p>\n<ul>\n<li>Haria Extreme Lanzarote<\/li>\n<\/ul>\n<p><b>15 noviembre:<\/b><\/p>\n<ul>\n<li>Marat\u00f3n de Madrid<\/li>\n<li>Marat\u00f3n de Tenerife<\/li>\n<li>Marat\u00f3 d&#8217;Empuries<\/li>\n<li>Costa Blanca Half Marathon<\/li>\n<\/ul>\n<p><b>6 diciembre:<\/b><\/p>\n<ul>\n<li>Marat\u00f3n Valencia<\/li>\n<\/ul>\n<p><b>7 diciembre<\/b><\/p>\n<ul>\n<li>Cursa del Patrimoni Eivissa<\/li>\n<\/ul>\n<p><b>13 diciembre:<\/b><\/p>\n<ul>\n<li>Zurich Marat\u00f3n M\u00e1laga<\/li>\n<li>Media Marat\u00f3n Sevilla Los Palacios<\/li>\n<li>Trail Las Paloma<\/li>\n<\/ul>\n","protected":false},"excerpt":{"rendered":"<p>El running va encontrando su lugar en un calendario que d\u00eda tras d\u00eda va tomando forma Recogemos en este post la previsi\u00f3n de pruebas que ya han sido aprobadas por la RFEA, despu\u00e9s de que el pasado 8 de marzo, se cancelaran todas las competiciones. Ra\u00fal Chapado, presidente de la federeaci\u00f3n, avisa de que &#8220;solo [&hellip;]<\/p>\n","protected":false},"author":309,"featured_media":61676,"comment_status":"closed","ping_status":"closed","sticky":false,"template":"","format":"standard","meta":{"_acf_changed":false,"rank_math_lock_modified_date":false,"footnotes":""},"categories":[17],"tags":[7740],"class_list":{"0":"post-68659","1":"post","2":"type-post","3":"status-publish","4":"format-standard","5":"has-post-thumbnail","7":"category-actualidad","8":"tag-carreras-populares"},"acf":[],"_links":{"self":[{"href":"https:\/\/miurltemporal.com/main/triatletasenred.sport.es\/wp-json\/wp\/v2\/posts\/68659"}],"collection":[{"href":"https:\/\/miurltemporal.com/main/triatletasenred.sport.es\/wp-json\/wp\/v2\/posts"}],"about":[{"href":"https:\/\/miurltemporal.com/main/triatletasenred.sport.es\/wp-json\/wp\/v2\/types\/post"}],"author":[{"embeddable":true,"href":"https:\/\/miurltemporal.com/main/triatletasenred.sport.es\/wp-json\/wp\/v2\/users\/309"}],"replies":[{"embeddable":true,"href":"https:\/\/miurltemporal.com/main/triatletasenred.sport.es\/wp-json\/wp\/v2\/comments?post=68659"}],"version-history":[{"count":0,"href":"https:\/\/miurltemporal.com/main/triatletasenred.sport.es\/wp-json\/wp\/v2\/posts\/68659\/revisions"}],"wp:featuredmedia":[{"embeddable":true,"href":"https:\/\/miurltemporal.com/main/triatletasenred.sport.es\/wp-json\/wp\/v2\/media\/61676"}],"wp:attachment":[{"href":"https:\/\/miurltemporal.com/main/triatletasenred.sport.es\/wp-json\/wp\/v2\/media?parent=68659"}],"wp:term":[{"taxonomy":"category","embeddable":true,"href":"https:\/\/miurltemporal.com/main/triatletasenred.sport.es\/wp-json\/wp\/v2\/categories?post=68659"},{"taxonomy":"post_tag","embeddable":true,"href":"https:\/\/miurltemporal.com/main/triatletasenred.sport.es\/wp-json\/wp\/v2\/tags?post=68659"}],"curies":[{"name":"wp","href":"https:\/\/api.w.org\/{rel}","templated":true}]}}