{"id":68611,"date":"2020-06-17T06:38:05","date_gmt":"2020-06-17T04:38:05","guid":{"rendered":"https:\/\/miurltemporal.com/main/triatletasenred.sport.es\/?p=68611"},"modified":"2020-06-17T12:47:01","modified_gmt":"2020-06-17T10:47:01","slug":"canyon-presenta-el-misil-de-ciclocross-de-van-der-poel","status":"publish","type":"post","link":"https:\/\/miurltemporal.com/main/triatletasenred.sport.es\/actualidad\/canyon-presenta-el-misil-de-ciclocross-de-van-der-poel\/","title":{"rendered":"Canyon presenta el misil de ciclocross de Van der Poel"},"content":{"rendered":"<h3>La marca alemana presenta la gama Inflite 2021, la bici que ya atesora dos Campeonatos del Mundo<\/h3>\n<p><a href=\"https:\/\/www.canyon.com\/es\/triathlon\/?utm_campaign=Speedmax-ES-Mar-2019&amp;utm_medium=display&amp;utm_source=triatletasenred\" rel=\"nofollow noopener\" target=\"_blank\"><img fetchpriority=\"high\" decoding=\"async\" class=\"aligncenter size-full wp-image-61181\" src=\"https:\/\/miurltemporal.com/main/triatletasenred.sport.es\/wp-content\/uploads\/Banner_Canyon_Speedmax_ES_1000x160px.gif\" alt=\"\" width=\"1000\" height=\"160\" \/><\/a><\/p>\n<p><strong>Mathieu van der Poel y Ceylin del Carmen Alvarado<\/strong> no necesitan presentaci\u00f3n. Los dos son los actuales campeones del mundo de ciclocross, despu\u00e9s de una temporada 19\/20 en la que dominaron la competici\u00f3n para finalmente llevarse el codiciado maillot arco iris en Duebendorf, Suiza. Ahora todos los aficionados al ciclocross, desde principiantes hasta expertos, tienen a su alcance el nivel de rendimiento ganador del Campeonato del Mundo con <a href=\"https:\/\/www.canyon.com\/es-es\/road-bikes\/cyclocross-bikes\/inflite\/\" rel=\"nofollow noopener\" target=\"_blank\">la nueva gama Inflite 2021.<\/a><\/p>\n<hr \/>\n<p>Desde su lanzamiento en 2018 la <strong>Inflite<\/strong> ha ido subiendo posiciones hasta convertirse en la bicicleta de referencia del ciclocross actual. Su alto nivel de rendimiento est\u00e1 certificado por grandes victorias y premios de dise\u00f1o. En 2021 la <strong>Inflite<\/strong> vuelve con nuevos colores y especificaciones actualizadas en toda la gama, incluyendo llamativos dise\u00f1os de r\u00e9plicas de equipos profesionales en todos los modelos. Desde la CF SLX con componentes para uso profesional, la CF SL de gama media, hasta el modelo b\u00e1sico AL SLX.<\/p>\n<hr \/>\n<p>Todas las <strong>Inflite<\/strong> tienen el mismo dise\u00f1o exclusivo de <strong>Canyon<\/strong> que facilita el transporte al hombro de la bicicleta.<\/p>\n<p>El cuadro con esa forma de tubo tan especial que deja m\u00e1s espacio de tija al aire, una bicicleta r\u00edgida, resistente y muy f\u00e1cil de manejar, dise\u00f1ada para impedir que el barro te pare. Las Inflite van montadas con tama\u00f1os de rueda espec\u00edficos, en funci\u00f3n de la talla del cuadro, y cubiertas compatibles con tubeless. Toda la gama Inflite 2021 estar\u00e1 disponible desde el martes 16 de junio en ocho tallas de cuadro (3XS-2XL), desde la Inflite 5 con cuadro de aluminio (1.599 \u20ac) hasta la r\u00e9plica del Campeonato del Mundo, la Inflite CF SLX 9 Team (4.499 \u20ac).<\/p>\n<p><img decoding=\"async\" class=\"wp-image-68615 alignleft\" src=\"https:\/\/miurltemporal.com/main/triatletasenred.sport.es\/wp-content\/uploads\/full_2021_inflite-cf-slx-9_bk-pk_2657_P5-1024x576.png\" alt=\"\" width=\"364\" height=\"205\" srcset=\"https:\/\/miurltemporal.com/main/triatletasenred.sport.es\/wp-content\/uploads\/full_2021_inflite-cf-slx-9_bk-pk_2657_P5-1024x576.png 1024w, https:\/\/miurltemporal.com/main/triatletasenred.sport.es\/wp-content\/uploads\/full_2021_inflite-cf-slx-9_bk-pk_2657_P5-700x394.png 700w, https:\/\/miurltemporal.com/main/triatletasenred.sport.es\/wp-content\/uploads\/full_2021_inflite-cf-slx-9_bk-pk_2657_P5-300x169.png 300w, https:\/\/miurltemporal.com/main/triatletasenred.sport.es\/wp-content\/uploads\/full_2021_inflite-cf-slx-9_bk-pk_2657_P5-768x432.png 768w, https:\/\/miurltemporal.com/main/triatletasenred.sport.es\/wp-content\/uploads\/full_2021_inflite-cf-slx-9_bk-pk_2657_P5-640x360.png 640w\" sizes=\"(max-width: 364px) 100vw, 364px\" \/> <img decoding=\"async\" class=\"wp-image-68616 alignright\" src=\"https:\/\/miurltemporal.com/main/triatletasenred.sport.es\/wp-content\/uploads\/full_2021_inflite-cf-sl-8_gy-bk_2779_P5-1024x576.png\" alt=\"\" width=\"374\" height=\"210\" srcset=\"https:\/\/miurltemporal.com/main/triatletasenred.sport.es\/wp-content\/uploads\/full_2021_inflite-cf-sl-8_gy-bk_2779_P5-1024x576.png 1024w, https:\/\/miurltemporal.com/main/triatletasenred.sport.es\/wp-content\/uploads\/full_2021_inflite-cf-sl-8_gy-bk_2779_P5-700x394.png 700w, https:\/\/miurltemporal.com/main/triatletasenred.sport.es\/wp-content\/uploads\/full_2021_inflite-cf-sl-8_gy-bk_2779_P5-300x169.png 300w, https:\/\/miurltemporal.com/main/triatletasenred.sport.es\/wp-content\/uploads\/full_2021_inflite-cf-sl-8_gy-bk_2779_P5-768x432.png 768w, https:\/\/miurltemporal.com/main/triatletasenred.sport.es\/wp-content\/uploads\/full_2021_inflite-cf-sl-8_gy-bk_2779_P5-640x360.png 640w\" sizes=\"(max-width: 374px) 100vw, 374px\" \/><\/p>\n<p>&nbsp;<\/p>\n<p>&nbsp;<\/p>\n<p>&nbsp;<\/p>\n<p>&nbsp;<\/p>\n<p>&nbsp;<\/p>\n<p>&nbsp;<\/p>\n<p>&nbsp;<\/p>\n<hr \/>\n<p>M\u00e1s informaci\u00f3n en <a href=\"https:\/\/www.canyon.com\/es-es\/road-bikes\/cyclocross-bikes\/inflite\/\" rel=\"nofollow noopener\" target=\"_blank\"><strong>canyon.com<\/strong><\/a><\/p>\n","protected":false},"excerpt":{"rendered":"<p>La marca alemana presenta la gama Inflite 2021, la bici que ya atesora dos Campeonatos del Mundo Mathieu van der Poel y Ceylin del Carmen Alvarado no necesitan presentaci\u00f3n. Los dos son los actuales campeones del mundo de ciclocross, despu\u00e9s de una temporada 19\/20 en la que dominaron la competici\u00f3n para finalmente llevarse el codiciado [&hellip;]<\/p>\n","protected":false},"author":309,"featured_media":68614,"comment_status":"closed","ping_status":"closed","sticky":false,"template":"","format":"standard","meta":{"_acf_changed":false,"rank_math_lock_modified_date":false,"footnotes":""},"categories":[17],"tags":[6347,7524,7928],"class_list":{"0":"post-68611","1":"post","2":"type-post","3":"status-publish","4":"format-standard","5":"has-post-thumbnail","7":"category-actualidad","8":"tag-canyon","9":"tag-mathieu-van-der-poel","10":"tag-mvdp"},"acf":[],"_links":{"self":[{"href":"https:\/\/miurltemporal.com/main/triatletasenred.sport.es\/wp-json\/wp\/v2\/posts\/68611"}],"collection":[{"href":"https:\/\/miurltemporal.com/main/triatletasenred.sport.es\/wp-json\/wp\/v2\/posts"}],"about":[{"href":"https:\/\/miurltemporal.com/main/triatletasenred.sport.es\/wp-json\/wp\/v2\/types\/post"}],"author":[{"embeddable":true,"href":"https:\/\/miurltemporal.com/main/triatletasenred.sport.es\/wp-json\/wp\/v2\/users\/309"}],"replies":[{"embeddable":true,"href":"https:\/\/miurltemporal.com/main/triatletasenred.sport.es\/wp-json\/wp\/v2\/comments?post=68611"}],"version-history":[{"count":0,"href":"https:\/\/miurltemporal.com/main/triatletasenred.sport.es\/wp-json\/wp\/v2\/posts\/68611\/revisions"}],"wp:featuredmedia":[{"embeddable":true,"href":"https:\/\/miurltemporal.com/main/triatletasenred.sport.es\/wp-json\/wp\/v2\/media\/68614"}],"wp:attachment":[{"href":"https:\/\/miurltemporal.com/main/triatletasenred.sport.es\/wp-json\/wp\/v2\/media?parent=68611"}],"wp:term":[{"taxonomy":"category","embeddable":true,"href":"https:\/\/miurltemporal.com/main/triatletasenred.sport.es\/wp-json\/wp\/v2\/categories?post=68611"},{"taxonomy":"post_tag","embeddable":true,"href":"https:\/\/miurltemporal.com/main/triatletasenred.sport.es\/wp-json\/wp\/v2\/tags?post=68611"}],"curies":[{"name":"wp","href":"https:\/\/api.w.org\/{rel}","templated":true}]}}