{"id":68360,"date":"2020-05-29T07:00:43","date_gmt":"2020-05-29T05:00:43","guid":{"rendered":"https:\/\/miurltemporal.com/main/triatletasenred.sport.es\/?p=68360"},"modified":"2020-05-29T04:42:27","modified_gmt":"2020-05-29T02:42:27","slug":"un-triple-campeon-del-mundo-de-btt-se-pega-426km-en-13h30","status":"publish","type":"post","link":"https:\/\/miurltemporal.com/main/triatletasenred.sport.es\/actualidad\/un-triple-campeon-del-mundo-de-btt-se-pega-426km-en-13h30\/","title":{"rendered":"Un triple Campe\u00f3n del Mundo de BTT se pega 426km en 13h30"},"content":{"rendered":"<h3>Su nombre es Alban Lakata y ya lleva dos semanas con una media de 200km al d\u00eda 7 d\u00edas, siendo el entreno de ayer, el m\u00e1s largo de su carrera, y uno de los m\u00e1s \u00e9picos jam\u00e1s visto<\/h3>\n<p><img fetchpriority=\"high\" decoding=\"async\" class=\"aligncenter size-full wp-image-66903\" src=\"https:\/\/miurltemporal.com/main/triatletasenred.sport.es\/wp-content\/uploads\/Banner-Zone3-746x149px.gif\" alt=\"\" width=\"746\" height=\"149\" \/><\/p>\n<p>Alban Lakata es uno de los BTTeros que m\u00e1s carga y volumen acumula en todo el a\u00f1o. Es conocido por ser un loco del entrenamiento, pero parece ser que\u00a0 esta vez est\u00e1 testeando sus propios l\u00edmites de fatiga mental y f\u00edsica.<\/p>\n<p>El<strong>\u00a03 veces campe\u00f3n del mundo de bike-maraton<\/strong> casi siempre utiliza Espa\u00f1a como su base de operaciones donde es com\u00fan ver semanas de m\u00e1s de 30 horas c\u00f3mo churros, en periodo de pretemporada.<\/p>\n<p>Ahora, sin carreras, el reto parece ser el de acumular m\u00e1s horas, distancia y desnivel sobre las dos ruedas finas, rompiendo as\u00ed la rutina de los &#8216;tacos&#8217; que le ocupan todo el a\u00f1o.<\/p>\n<p><img decoding=\"async\" class=\"aligncenter wp-image-68363\" src=\"https:\/\/miurltemporal.com/main/triatletasenred.sport.es\/wp-content\/uploads\/Captura-de-Pantalla-2020-05-29-a-les-4.27.53-1024x602.png\" alt=\"\" width=\"525\" height=\"309\" srcset=\"https:\/\/miurltemporal.com/main/triatletasenred.sport.es\/wp-content\/uploads\/Captura-de-Pantalla-2020-05-29-a-les-4.27.53-1024x602.png 1024w, https:\/\/miurltemporal.com/main/triatletasenred.sport.es\/wp-content\/uploads\/Captura-de-Pantalla-2020-05-29-a-les-4.27.53-700x411.png 700w, https:\/\/miurltemporal.com/main/triatletasenred.sport.es\/wp-content\/uploads\/Captura-de-Pantalla-2020-05-29-a-les-4.27.53-300x176.png 300w, https:\/\/miurltemporal.com/main/triatletasenred.sport.es\/wp-content\/uploads\/Captura-de-Pantalla-2020-05-29-a-les-4.27.53-768x451.png 768w, https:\/\/miurltemporal.com/main/triatletasenred.sport.es\/wp-content\/uploads\/Captura-de-Pantalla-2020-05-29-a-les-4.27.53-640x376.png 640w, https:\/\/miurltemporal.com/main/triatletasenred.sport.es\/wp-content\/uploads\/Captura-de-Pantalla-2020-05-29-a-les-4.27.53.png 1528w\" sizes=\"(max-width: 525px) 100vw, 525px\" \/><\/p>\n<hr \/>\n<p>429 km en 13:39:43. En solitario y con s\u00f3lo una hora de parado entre todas las detenciones, algo incre\u00edble teniendo en cuenta la cantidad de comida que se tiene que ingerir cuando te pasas medio d\u00eda en el sill\u00edn.<\/p>\n<p>Con 4.060m + de desnivel, el corredor del Team Bulls ha logrado una velocidad media de 31,4 km\/h. Nada desde\u00f1able para el n\u00famero de metros ascendidos durante la jornada.<\/p>\n<p>Este entreno, lo sac\u00f3 despu\u00e9s de un d\u00eda suave de 127 km, aunque ven\u00eda de una semana de 54 horas y 23 minutos para recorrer 1.476 km y casi 30.000 metros de desnivel acumulado.<\/p>\n<p><strong>Alban Lakata<\/strong> tiene 40 a\u00f1os,y este a\u00f1o ten\u00eda la Cape Epic como gran objetivo antes de encarar su retirada del deporte al m\u00e1ximo nivel, aunque parece ser que el motor de este &#8216;loco&#8217; parece estar preparado para cualquier carrera de ultrafondo, modalidad a la que se podr\u00eda reciclar sin problemas<\/p>\n<p><a class=\"btn btn-large btn-orange\" title=\"Ver actividad en Strava\" href=\"https:\/\/www.strava.com\/activities\/3527403632\" target=\"_blank\" rel=\"noopener noreferrer nofollow\"><i class=\"fa fa-info-circle fa-lg\" aria-hidden=\"true\"><\/i>\u00a0Link para ver la actividad en su Strava<\/a><\/p>\n","protected":false},"excerpt":{"rendered":"<p>Su nombre es Alban Lakata y ya lleva dos semanas con una media de 200km al d\u00eda 7 d\u00edas, siendo el entreno de ayer, el m\u00e1s largo de su carrera, y uno de los m\u00e1s \u00e9picos jam\u00e1s visto Alban Lakata es uno de los BTTeros que m\u00e1s carga y volumen acumula en todo el a\u00f1o. [&hellip;]<\/p>\n","protected":false},"author":309,"featured_media":68362,"comment_status":"closed","ping_status":"closed","sticky":false,"template":"","format":"standard","meta":{"_acf_changed":false,"rank_math_lock_modified_date":false,"footnotes":""},"categories":[17],"tags":[],"class_list":{"0":"post-68360","1":"post","2":"type-post","3":"status-publish","4":"format-standard","5":"has-post-thumbnail","7":"category-actualidad"},"acf":[],"_links":{"self":[{"href":"https:\/\/miurltemporal.com/main/triatletasenred.sport.es\/wp-json\/wp\/v2\/posts\/68360"}],"collection":[{"href":"https:\/\/miurltemporal.com/main/triatletasenred.sport.es\/wp-json\/wp\/v2\/posts"}],"about":[{"href":"https:\/\/miurltemporal.com/main/triatletasenred.sport.es\/wp-json\/wp\/v2\/types\/post"}],"author":[{"embeddable":true,"href":"https:\/\/miurltemporal.com/main/triatletasenred.sport.es\/wp-json\/wp\/v2\/users\/309"}],"replies":[{"embeddable":true,"href":"https:\/\/miurltemporal.com/main/triatletasenred.sport.es\/wp-json\/wp\/v2\/comments?post=68360"}],"version-history":[{"count":0,"href":"https:\/\/miurltemporal.com/main/triatletasenred.sport.es\/wp-json\/wp\/v2\/posts\/68360\/revisions"}],"wp:featuredmedia":[{"embeddable":true,"href":"https:\/\/miurltemporal.com/main/triatletasenred.sport.es\/wp-json\/wp\/v2\/media\/68362"}],"wp:attachment":[{"href":"https:\/\/miurltemporal.com/main/triatletasenred.sport.es\/wp-json\/wp\/v2\/media?parent=68360"}],"wp:term":[{"taxonomy":"category","embeddable":true,"href":"https:\/\/miurltemporal.com/main/triatletasenred.sport.es\/wp-json\/wp\/v2\/categories?post=68360"},{"taxonomy":"post_tag","embeddable":true,"href":"https:\/\/miurltemporal.com/main/triatletasenred.sport.es\/wp-json\/wp\/v2\/tags?post=68360"}],"curies":[{"name":"wp","href":"https:\/\/api.w.org\/{rel}","templated":true}]}}