{"id":68310,"date":"2020-05-26T07:02:59","date_gmt":"2020-05-26T05:02:59","guid":{"rendered":"https:\/\/miurltemporal.com/main/triatletasenred.sport.es\/?p=68310"},"modified":"2020-05-26T03:06:11","modified_gmt":"2020-05-26T01:06:11","slug":"armstrong-volver-a-doparme-despues-de-enfrentarme-a-la-muerte-no-fue-duro","status":"publish","type":"post","link":"https:\/\/miurltemporal.com/main/triatletasenred.sport.es\/actualidad\/armstrong-volver-a-doparme-despues-de-enfrentarme-a-la-muerte-no-fue-duro\/","title":{"rendered":"Armstrong: Volver a doparme despu\u00e9s de enfrentarme a la muerte no fue duro"},"content":{"rendered":"<h3>El norteamericano suelta algunas perlas durante la primera entrega del documental emitido por la ESPN<\/h3>\n<p><a href=\"https:\/\/nutrisport.es\/\" rel=\"nofollow noopener\" target=\"_blank\"><img fetchpriority=\"high\" decoding=\"async\" class=\"aligncenter size-full wp-image-57465\" src=\"https:\/\/miurltemporal.com/main/triatletasenred.sport.es\/wp-content\/uploads\/BannerTriatl\u00f3n-750x100.jpg\" alt=\"\" width=\"750\" height=\"100\" srcset=\"https:\/\/miurltemporal.com/main/triatletasenred.sport.es\/wp-content\/uploads\/BannerTriatl\u00f3n-750x100.jpg 750w, https:\/\/miurltemporal.com/main/triatletasenred.sport.es\/wp-content\/uploads\/BannerTriatl\u00f3n-750x100-700x93.jpg 700w, https:\/\/miurltemporal.com/main/triatletasenred.sport.es\/wp-content\/uploads\/BannerTriatl\u00f3n-750x100-300x40.jpg 300w\" sizes=\"(max-width: 750px) 100vw, 750px\" \/><\/a><\/p>\n<p>Al servicio de la pol\u00e9mica, la ESPN ha estrenado el documental &#8221;Lance&#8221;, ventana que el exciclista ha aprovechado para admitir parte de los errores de su pasado, adem\u00e1s de lanzar algunas puyas al mundo ciclista.<\/p>\n<p>\u00c9l mismo reconoc\u00eda que es consciente de que el mont\u00f3n de detractores que tiene, es probable que nunca le perdonen lo que hiz\u00f3, pero como siempre ha abogado, esto se hizo tan solo siguiendo la corriente de todo el espectro profesional.<\/p>\n<p><strong>Marina Zenovich\u00a0<\/strong>es la encaragada de dirigir un documental, que lejos de ser panfletario, tampoco sorprender\u00e1 mucho a cualquiera que se haya interesado en el mundo ciclista de los 90s-00s.<\/p>\n<p>A sus 48\u00a0 a\u00f1os, confiesa que la realidad que se viv\u00eda entonces era &#8221;compleja y \u00fanica&#8221;, y hay momentos en los que Armstrong sigue con maniobras evasivas tratando de enrocar ciertos temas que podr\u00edan manchar a\u00fan m\u00e1s su imagen y la de su entorno.<\/p>\n<p>El doping apareci\u00f3 en su vida a los 21, seg\u00fan explica \u00e9l, aunque es\u00a0<em>vox p\u00f3puli\u00a0<\/em>que quiz\u00e1s fuese unos 4 a\u00f1os antes, momento en el que Lance empezaba a despuntar entre los juniors, cuando empez\u00f3 su relaci\u00f3n con el EPO.<\/p>\n<hr \/>\n<h4><b>A la defensiva<\/b><\/h4>\n<p>Cuando <strong>Zenovich\u00a0<\/strong>aborda el marco vital de Armstrong, este se muestra altivo y desafiante.<\/p>\n<p>El proyecto Livestrong asegura que nunca ha sido usado como escudo contra las acusaciones que se vert\u00edan contra \u00e9l, aunque s\u00ed que reconoce que su c\u00e1ncer le habr\u00eda beneficiado para reforzar su figura p\u00fablica delante de los afectados por esta terrible patolog\u00eda. A\u00f1ade que no le extra\u00f1ar\u00eda que dicha enfermedad podr\u00eda haberse derivado de la consumici\u00f3n de f\u00e1rmacos para aumentar su rendimiento, desde unas edades tan tempranas.<\/p>\n<p>Asimismo, <strong>Lance\u00a0<\/strong>parece no haber enterrado el hacha de guerra contra la persona que destap\u00f3 la manta que cubr\u00eda al siete veces ganador del Tour, <strong>Floyd Landis.\u00a0<\/strong>El excompa\u00f1ero demand\u00f3 a Armstrong por 100 millones de euros por da\u00f1os y prejucios.<\/p>\n<p>C\u00f3mo no, el tejano hace otra demostraci\u00f3n de su particular car\u00e1cter, cuando admite que ha aprendido a vivir con las faltadas y a los insultos, a los que reconoce responder m\u00e1s de una vez con una &#8221;peineta&#8221;.<\/p>\n<p>&#8221;El rey de los tramposos&#8221; as\u00ed es como le llamaron hace un tiempo en un bar d\u00f3nde el entrevistado se encontraba pasando el rato con su amigo, a lo que admite haber estado apunto de acabar a los pu\u00f1os, pero que finalmente se sald\u00f3 con Lance corriendo a cargo de todo lo consumido por el grupo que lo increp\u00f3.<\/p>\n<hr \/>\n<h4>Os dejamos con uno de los &#8216;momentazos&#8217; del documental<\/h4>\n<blockquote class=\"twitter-tweet\" data-width=\"550\" data-dnt=\"true\">\n<p lang=\"en\" dir=\"ltr\">When asked if was hard to take EPO after facing death, Lance Armstrong had a simple answer: <\/p>\n<p>&quot;No.&quot; <a href=\"https:\/\/t.co\/BQnqbo9AVS\" rel=\"nofollow\" target=\"_blank\">pic.twitter.com\/BQnqbo9AVS<\/a><\/p>\n<p>&mdash; ESPN (@espn) <a href=\"https:\/\/twitter.com\/espn\/status\/1264750535971934208?ref_src=twsrc%5Etfw\" rel=\"nofollow noopener\" target=\"_blank\">May 25, 2020<\/a><\/p><\/blockquote>\n<p><script async src=\"https:\/\/platform.twitter.com\/widgets.js\" charset=\"utf-8\"><\/script><\/p>\n","protected":false},"excerpt":{"rendered":"<p>El norteamericano suelta algunas perlas durante la primera entrega del documental emitido por la ESPN Al servicio de la pol\u00e9mica, la ESPN ha estrenado el documental &#8221;Lance&#8221;, ventana que el exciclista ha aprovechado para admitir parte de los errores de su pasado, adem\u00e1s de lanzar algunas puyas al mundo ciclista. \u00c9l mismo reconoc\u00eda que es [&hellip;]<\/p>\n","protected":false},"author":309,"featured_media":68312,"comment_status":"closed","ping_status":"closed","sticky":false,"template":"","format":"standard","meta":{"_acf_changed":false,"rank_math_lock_modified_date":false,"footnotes":""},"categories":[17],"tags":[4417,3010,5287],"class_list":{"0":"post-68310","1":"post","2":"type-post","3":"status-publish","4":"format-standard","5":"has-post-thumbnail","7":"category-actualidad","8":"tag-doping","9":"tag-epo","10":"tag-lance-armstrong"},"acf":[],"_links":{"self":[{"href":"https:\/\/miurltemporal.com/main/triatletasenred.sport.es\/wp-json\/wp\/v2\/posts\/68310"}],"collection":[{"href":"https:\/\/miurltemporal.com/main/triatletasenred.sport.es\/wp-json\/wp\/v2\/posts"}],"about":[{"href":"https:\/\/miurltemporal.com/main/triatletasenred.sport.es\/wp-json\/wp\/v2\/types\/post"}],"author":[{"embeddable":true,"href":"https:\/\/miurltemporal.com/main/triatletasenred.sport.es\/wp-json\/wp\/v2\/users\/309"}],"replies":[{"embeddable":true,"href":"https:\/\/miurltemporal.com/main/triatletasenred.sport.es\/wp-json\/wp\/v2\/comments?post=68310"}],"version-history":[{"count":0,"href":"https:\/\/miurltemporal.com/main/triatletasenred.sport.es\/wp-json\/wp\/v2\/posts\/68310\/revisions"}],"wp:featuredmedia":[{"embeddable":true,"href":"https:\/\/miurltemporal.com/main/triatletasenred.sport.es\/wp-json\/wp\/v2\/media\/68312"}],"wp:attachment":[{"href":"https:\/\/miurltemporal.com/main/triatletasenred.sport.es\/wp-json\/wp\/v2\/media?parent=68310"}],"wp:term":[{"taxonomy":"category","embeddable":true,"href":"https:\/\/miurltemporal.com/main/triatletasenred.sport.es\/wp-json\/wp\/v2\/categories?post=68310"},{"taxonomy":"post_tag","embeddable":true,"href":"https:\/\/miurltemporal.com/main/triatletasenred.sport.es\/wp-json\/wp\/v2\/tags?post=68310"}],"curies":[{"name":"wp","href":"https:\/\/api.w.org\/{rel}","templated":true}]}}