{"id":68077,"date":"2020-05-11T07:00:51","date_gmt":"2020-05-11T05:00:51","guid":{"rendered":"https:\/\/miurltemporal.com/main/triatletasenred.sport.es\/?p=68077"},"modified":"2020-05-11T06:37:28","modified_gmt":"2020-05-11T04:37:28","slug":"dos-detenidos-por-poner-trampas-para-ciclistas","status":"publish","type":"post","link":"https:\/\/miurltemporal.com/main/triatletasenred.sport.es\/actualidad\/dos-detenidos-por-poner-trampas-para-ciclistas\/","title":{"rendered":"Dos detenidos por poner trampas para ciclistas"},"content":{"rendered":"<h3>Un hombre y una mujer de 38 y 32 a\u00f1os de edad fueron <strong>detenidos en La Rioja acusados de colocar trampas<\/strong> para herir a ciclistas y conductores<\/h3>\n<p><\/a><\/p>\n<p>Se les acusa de un\u00a0delito contra la seguridad vial, adem\u00e1s de tenencia de drogas y no respetar el confinamiento del estado de alarma.<\/p>\n<p>Las detenciones se llevaron a cabo el pasado viernes 8 de mayo en La Rioja, dentro del t\u00e9rmino municipal de Ales\u00f3n.<\/p>\n<hr \/>\n<h4><span id=\"Sorprendidos_colocando_las_trampas_ciclistas_en_La_Rioja\">Sorprendidos colocando las trampas ciclistas en La Rioja<\/span><\/h4>\n<p>Los dos detenidos, ambos de nacionalidad espa\u00f1ola, fueron sorprendidos por dos Agentes del Servicio de Seguridad Ciudadana con las manos en la masa.<\/p>\n<p>Tras percatarse de su presencia, trataron de huir del lugar corriendo.\u00a0 Al conseguir alcanzarlos, se les realiz\u00f3 un registro, encontrando\u00a0una maza de grandes dimensiones y 20 clavos de acero\u00a0entre sus posesiones.<\/p>\n<p>Cuando se rastre\u00f3 la zona de la carretera donde fueron sorprendidos, los agentes encontraron otros 21 clavos de similares.<\/p>\n<p>La Guardia Civil de La Rioja tambi\u00e9n descubri\u00f3 que hab\u00edan colocado otro tipo de trampas con clavos atravesados en un cart\u00f3n, que posteriormente pegaron con cinta americana sobre el asfalto.<\/p>\n<p>La sanci\u00f3n que les espera va desde los seis meses a los dos a\u00f1os de c\u00e1rcel hasta una multa de doce a veinticuatro meses, m\u00e1s trabajos en beneficio de la comunidad de diez a cuarenta d\u00edas.<\/p>\n<p>El reciente caso de trampa ocurri\u00f3 en Madrid, donde muchos ciclistas denunciaron que en el arc\u00e9n\u00a0de una carretera frecuentada por infinidad de ciclistas a diario, hab\u00edan colocado unas tachuelas que\u00a0destrozaban las ruedas\u00a0de las bicicletas de carretera que pasaban por encima.<\/p>\n","protected":false},"excerpt":{"rendered":"<p>Un hombre y una mujer de 38 y 32 a\u00f1os de edad fueron detenidos en La Rioja acusados de colocar trampas para herir a ciclistas y conductores Se les acusa de un\u00a0delito contra la seguridad vial, adem\u00e1s de tenencia de drogas y no respetar el confinamiento del estado de alarma. Las detenciones se llevaron a [&hellip;]<\/p>\n","protected":false},"author":309,"featured_media":68078,"comment_status":"closed","ping_status":"closed","sticky":false,"template":"","format":"standard","meta":{"_acf_changed":false,"rank_math_lock_modified_date":false,"footnotes":""},"categories":[17],"tags":[7551],"class_list":{"0":"post-68077","1":"post","2":"type-post","3":"status-publish","4":"format-standard","5":"has-post-thumbnail","7":"category-actualidad","8":"tag-trampas-ciclistas"},"acf":[],"_links":{"self":[{"href":"https:\/\/miurltemporal.com/main/triatletasenred.sport.es\/wp-json\/wp\/v2\/posts\/68077"}],"collection":[{"href":"https:\/\/miurltemporal.com/main/triatletasenred.sport.es\/wp-json\/wp\/v2\/posts"}],"about":[{"href":"https:\/\/miurltemporal.com/main/triatletasenred.sport.es\/wp-json\/wp\/v2\/types\/post"}],"author":[{"embeddable":true,"href":"https:\/\/miurltemporal.com/main/triatletasenred.sport.es\/wp-json\/wp\/v2\/users\/309"}],"replies":[{"embeddable":true,"href":"https:\/\/miurltemporal.com/main/triatletasenred.sport.es\/wp-json\/wp\/v2\/comments?post=68077"}],"version-history":[{"count":0,"href":"https:\/\/miurltemporal.com/main/triatletasenred.sport.es\/wp-json\/wp\/v2\/posts\/68077\/revisions"}],"wp:featuredmedia":[{"embeddable":true,"href":"https:\/\/miurltemporal.com/main/triatletasenred.sport.es\/wp-json\/wp\/v2\/media\/68078"}],"wp:attachment":[{"href":"https:\/\/miurltemporal.com/main/triatletasenred.sport.es\/wp-json\/wp\/v2\/media?parent=68077"}],"wp:term":[{"taxonomy":"category","embeddable":true,"href":"https:\/\/miurltemporal.com/main/triatletasenred.sport.es\/wp-json\/wp\/v2\/categories?post=68077"},{"taxonomy":"post_tag","embeddable":true,"href":"https:\/\/miurltemporal.com/main/triatletasenred.sport.es\/wp-json\/wp\/v2\/tags?post=68077"}],"curies":[{"name":"wp","href":"https:\/\/api.w.org\/{rel}","templated":true}]}}