{"id":68041,"date":"2020-05-06T12:36:42","date_gmt":"2020-05-06T10:36:42","guid":{"rendered":"https:\/\/miurltemporal.com/main/triatletasenred.sport.es\/?p=68041"},"modified":"2020-05-06T12:37:04","modified_gmt":"2020-05-06T10:37:04","slug":"suspendido-ironman-vitoria","status":"publish","type":"post","link":"https:\/\/miurltemporal.com/main/triatletasenred.sport.es\/actualidad\/suspendido-ironman-vitoria\/","title":{"rendered":"\u00a1CONFIRMADO! IRONMAN Vitoria NO se celebrar\u00e1 el 12 de julio"},"content":{"rendered":"<h3>Una noticia desgraciadamente esperada que IRONMAN ha confirmado hoy mediante un comunicado oficial en la que se informa que este mes de julio no se disputar\u00e1 la segunda edici\u00f3n de la prueba.<\/h3>\n<p><a href=\"https:\/\/zone3.es\/\" rel=\"nofollow noopener\" target=\"_blank\"><img fetchpriority=\"high\" decoding=\"async\" class=\"aligncenter size-full wp-image-66903\" src=\"https:\/\/miurltemporal.com/main/triatletasenred.sport.es\/wp-content\/uploads\/Banner-Zone3-746x149px.gif\" alt=\"\" width=\"746\" height=\"149\" \/><\/a><\/p>\n<p>La pandemia sigue cobrando v\u00edctimas en forma de eventos cancelados y\/o suspendidos y si IRONMAN anunciaba el aplazamiento de sus eventos 70.3 agendados en abril y mayo como anunci\u00e1bamos semanas atr\u00e1s, ahora ha sido el turno de la prueba de larga distancia a disputar en Vitoria.<\/p>\n<p>En el comunicado, adem\u00e1s, comentan que la organizaci\u00f3n est\u00e1 trabajando en la b\u00fasqueda de una nueva fecha, con lo que no descartan que el evento se celebre este mismo a\u00f1o.<\/p>\n","protected":false},"excerpt":{"rendered":"<p>Una noticia desgraciadamente esperada que IRONMAN ha confirmado hoy mediante un comunicado oficial en la que se informa que este mes de julio no se disputar\u00e1 la segunda edici\u00f3n de la prueba. La pandemia sigue cobrando v\u00edctimas en forma de eventos cancelados y\/o suspendidos y si IRONMAN anunciaba el aplazamiento de sus eventos 70.3 agendados [&hellip;]<\/p>\n","protected":false},"author":2,"featured_media":64788,"comment_status":"closed","ping_status":"closed","sticky":false,"template":"","format":"standard","meta":{"_acf_changed":false,"rank_math_lock_modified_date":false,"footnotes":""},"categories":[17],"tags":[7840,7839],"class_list":{"0":"post-68041","1":"post","2":"type-post","3":"status-publish","4":"format-standard","5":"has-post-thumbnail","7":"category-actualidad","8":"tag-aplazado-ironman-vitoria","9":"tag-cancelado-ironman-vitoria"},"acf":[],"_links":{"self":[{"href":"https:\/\/miurltemporal.com/main/triatletasenred.sport.es\/wp-json\/wp\/v2\/posts\/68041"}],"collection":[{"href":"https:\/\/miurltemporal.com/main/triatletasenred.sport.es\/wp-json\/wp\/v2\/posts"}],"about":[{"href":"https:\/\/miurltemporal.com/main/triatletasenred.sport.es\/wp-json\/wp\/v2\/types\/post"}],"author":[{"embeddable":true,"href":"https:\/\/miurltemporal.com/main/triatletasenred.sport.es\/wp-json\/wp\/v2\/users\/2"}],"replies":[{"embeddable":true,"href":"https:\/\/miurltemporal.com/main/triatletasenred.sport.es\/wp-json\/wp\/v2\/comments?post=68041"}],"version-history":[{"count":0,"href":"https:\/\/miurltemporal.com/main/triatletasenred.sport.es\/wp-json\/wp\/v2\/posts\/68041\/revisions"}],"wp:featuredmedia":[{"embeddable":true,"href":"https:\/\/miurltemporal.com/main/triatletasenred.sport.es\/wp-json\/wp\/v2\/media\/64788"}],"wp:attachment":[{"href":"https:\/\/miurltemporal.com/main/triatletasenred.sport.es\/wp-json\/wp\/v2\/media?parent=68041"}],"wp:term":[{"taxonomy":"category","embeddable":true,"href":"https:\/\/miurltemporal.com/main/triatletasenred.sport.es\/wp-json\/wp\/v2\/categories?post=68041"},{"taxonomy":"post_tag","embeddable":true,"href":"https:\/\/miurltemporal.com/main/triatletasenred.sport.es\/wp-json\/wp\/v2\/tags?post=68041"}],"curies":[{"name":"wp","href":"https:\/\/api.w.org\/{rel}","templated":true}]}}