{"id":67997,"date":"2020-05-02T22:54:21","date_gmt":"2020-05-02T20:54:21","guid":{"rendered":"https:\/\/miurltemporal.com/main/triatletasenred.sport.es\/?p=67997"},"modified":"2020-05-02T22:57:39","modified_gmt":"2020-05-02T20:57:39","slug":"deportistas-federados","status":"publish","type":"post","link":"https:\/\/miurltemporal.com/main/triatletasenred.sport.es\/actualidad\/deportistas-federados\/","title":{"rendered":"No habr\u00e1 l\u00edmites para nuestra \u00e9lite"},"content":{"rendered":"<h3>Seg\u00fan informa el Pa\u00eds, fuentes del gobierno adelantan que los deportistas de alto rendimiento podr\u00edan entrenar sin restricciones de tiempo y movi\u00e9ndose dentro de su provincia<\/h3>\n<p><a href=\"https:\/\/miurltemporal.com/main/triatletasenred.sport.es\/?s=triatlon+andalucia\"><img fetchpriority=\"high\" decoding=\"async\" class=\"aligncenter size-full wp-image-66204\" src=\"https:\/\/miurltemporal.com/main/triatletasenred.sport.es\/wp-content\/uploads\/banner_FATRI_700x150_06.gif\" alt=\"\" width=\"700\" height=\"150\" \/><\/a><\/p>\n<p>Seg\u00fan el peri\u00f3dico el Pa\u00eds, el Ministerio de Salud ampliar\u00e1 los detalles de la desescalada con novedades para todos los deportistas federados.<\/p>\n<p>En el caso de todos aquellos deportistas que est\u00e9n incluidos dentro del programa de &#8221;Alto Rendimiento (DAR) &#8221; o &#8221;Inter\u00e9s Nacional, estos podr\u00edan entrenar sin l\u00edmite de tiempo y sin salir de su provincia, adem\u00e1s pueden ir acompa\u00f1ados por el entrenador.<\/p>\n<p>Dichas medidas incluyen adem\u00e1s los Deportistas de Alto Nivel (DAN) cuyos nombres est\u00e1n publicados en una relaci\u00f3n en el BOE.<\/p>\n<p>En el caso del resto de federados podr\u00edan entrenar dos veces al d\u00eda, siguiendo dentro del municipio y sin su entrenador.<\/p>\n<hr \/>\n<p>Seg\u00fan lo que publica el atleta de fondo, <strong>Pablo Villalobos<\/strong> en su blog:<\/p>\n<p><strong>1\u00ba\u00a0Deportista de Alto Nivel nacional (DAN).<\/strong>\u00a0Resultados a nivel de selecciones nacionales definidos en el Real Decreto. Su nombre debe aparecer en el BOE en los listados que se publican anualmente y dicha condici\u00f3n se adquiere durante un periodo de 5 a\u00f1os renov\u00e1ndose con cada aparici\u00f3n en el BOE tras conseguir nuevos resultados que se consideren en el Anexo al Real Decreto como de Alto Nivel.<\/p>\n<p><strong>2\u00ba Deportista de Alto Rendimiento nacional (DAR).<\/strong> Se obtiene por resultados deportivos de inter\u00e9s para el equipo nacional en su deporte. Se certifica por parte del CSD a trav\u00e9s de las federaciones nacionales por lo que deben ser los deportistas los que lo soliciten (a su federaci\u00f3n nacional). El certificado expedido por la Federaci\u00f3n nacional correspondiente tiene vigencia de un a\u00f1o hasta tres a\u00f1os acredit\u00e1ndose con la presentaci\u00f3n de dicho certificado que debe reflejar dicha duraci\u00f3n.<\/p>\n<p><strong>3\u00ba Deportistas de Alto Nivel, Alto Rendimiento o \u00c9lite regional.<\/strong>\u00a0(Existen diferentes denominaciones seg\u00fan las autonom\u00edas). Est\u00e1n regulados en cada CCAA estableciendo las condiciones y\/o m\u00e9ritos deportivos para el acceso al nivel o a los diferentes niveles. Son condiciones compatibles con DAN y DAR. Establecen beneficios a nivel de su autonom\u00eda, no fuera de la misma. Suelen ser requisito imprescindible para poder optar a ayudar y becas deportivas de dicha CCAA.<\/p>\n","protected":false},"excerpt":{"rendered":"<p>Seg\u00fan informa el Pa\u00eds, fuentes del gobierno adelantan que los deportistas de alto rendimiento podr\u00edan entrenar sin restricciones de tiempo y movi\u00e9ndose dentro de su provincia Seg\u00fan el peri\u00f3dico el Pa\u00eds, el Ministerio de Salud ampliar\u00e1 los detalles de la desescalada con novedades para todos los deportistas federados. En el caso de todos aquellos deportistas [&hellip;]<\/p>\n","protected":false},"author":309,"featured_media":67788,"comment_status":"closed","ping_status":"closed","sticky":false,"template":"","format":"standard","meta":{"_acf_changed":false,"rank_math_lock_modified_date":false,"footnotes":""},"categories":[17,2033],"tags":[7831,4153],"class_list":{"0":"post-67997","1":"post","2":"type-post","3":"status-publish","4":"format-standard","5":"has-post-thumbnail","7":"category-actualidad","8":"category-sport","9":"tag-deportistas-elite","10":"tag-limites"},"acf":[],"_links":{"self":[{"href":"https:\/\/miurltemporal.com/main/triatletasenred.sport.es\/wp-json\/wp\/v2\/posts\/67997"}],"collection":[{"href":"https:\/\/miurltemporal.com/main/triatletasenred.sport.es\/wp-json\/wp\/v2\/posts"}],"about":[{"href":"https:\/\/miurltemporal.com/main/triatletasenred.sport.es\/wp-json\/wp\/v2\/types\/post"}],"author":[{"embeddable":true,"href":"https:\/\/miurltemporal.com/main/triatletasenred.sport.es\/wp-json\/wp\/v2\/users\/309"}],"replies":[{"embeddable":true,"href":"https:\/\/miurltemporal.com/main/triatletasenred.sport.es\/wp-json\/wp\/v2\/comments?post=67997"}],"version-history":[{"count":0,"href":"https:\/\/miurltemporal.com/main/triatletasenred.sport.es\/wp-json\/wp\/v2\/posts\/67997\/revisions"}],"wp:featuredmedia":[{"embeddable":true,"href":"https:\/\/miurltemporal.com/main/triatletasenred.sport.es\/wp-json\/wp\/v2\/media\/67788"}],"wp:attachment":[{"href":"https:\/\/miurltemporal.com/main/triatletasenred.sport.es\/wp-json\/wp\/v2\/media?parent=67997"}],"wp:term":[{"taxonomy":"category","embeddable":true,"href":"https:\/\/miurltemporal.com/main/triatletasenred.sport.es\/wp-json\/wp\/v2\/categories?post=67997"},{"taxonomy":"post_tag","embeddable":true,"href":"https:\/\/miurltemporal.com/main/triatletasenred.sport.es\/wp-json\/wp\/v2\/tags?post=67997"}],"curies":[{"name":"wp","href":"https:\/\/api.w.org\/{rel}","templated":true}]}}