{"id":67983,"date":"2020-05-01T11:58:29","date_gmt":"2020-05-01T09:58:29","guid":{"rendered":"https:\/\/miurltemporal.com/main/triatletasenred.sport.es\/?p=67983"},"modified":"2020-05-01T16:13:47","modified_gmt":"2020-05-01T14:13:47","slug":"los-deportistas-de-alto-nivel-tendran-un-pasaporte-para-entrenar","status":"publish","type":"post","link":"https:\/\/miurltemporal.com/main/triatletasenred.sport.es\/actualidad\/los-deportistas-de-alto-nivel-tendran-un-pasaporte-para-entrenar\/","title":{"rendered":"Los deportistas de alto nivel tendr\u00e1n un &#8216;pasaporte&#8217; para entrenar"},"content":{"rendered":"<h3>El gobierno se ha retra\u00eddo de las medidas anunciadas ayer, y permitir\u00e1 que los deportistas de \u00e9lite realicen su actividad f\u00edsica con normalidad, a partir del lunes<\/h3>\n<p><a href=\"https:\/\/zone3.es\/\" rel=\"nofollow noopener\" target=\"_blank\"><img fetchpriority=\"high\" decoding=\"async\" class=\"aligncenter size-full wp-image-66903\" src=\"https:\/\/miurltemporal.com/main/triatletasenred.sport.es\/wp-content\/uploads\/Banner-Zone3-746x149px.gif\" alt=\"\" width=\"746\" height=\"149\" \/><\/a><\/p>\n<p>La presi\u00f3n ejercida por los sectores del deporte ha hecho efecto sobre las medidas que ayer anunci\u00f3 el ministro <strong>Illa.<\/strong><\/p>\n<p>Eran muchos los deportistas que se quejaban de que, mientras futbolistas y jugadores de baloncesto podr\u00edan entrenar normalmente, muchos otros profesionales del deporte se quedar\u00edan sin poder hacer su trabajo por la imposibilidad de acudir a un centro deportivo o traspasar el cord\u00f3n municipal y horario al que est\u00e1n sometidos.<\/p>\n<p>Todo esto se ver\u00e1 resuelto por medio de un salvoconducto que ser\u00e1 entregado por las propias federaciones a los deportistas que est\u00e9n publicados en el BOE como deportistas de alto nivel, con lo que dichos se\u00f1alados acceder\u00e1n este mismo lunes a sus lugares de entrenamiento, mucho antes que la Fase 2 d\u00f3nde se contempla la apertura de centros deportivos (a excepci\u00f3n de los CAR que abrir\u00e1n el d\u00eda 11).<\/p>\n<hr \/>\n<h3 class=\"ladillo\">\u00bfQui\u00e9n puede solicitar el documento?<\/h3>\n<ul>\n<li>Deportistas reconocidos como Alto Nivel en el BOE por las federaciones correspondientes. Estos quedar\u00e1n libres de restricciones de tiempo y distancia, y dispondr\u00e1n de el centro deportivo que m\u00e1s se ajuste a su din\u00e1mica de trabajo.<\/li>\n<\/ul>\n<hr \/>\n<p>Fuente: <a href=\"https:\/\/www.abc.es\/deportes\/abci-gobierno-aprueba-pasaporte-especial-para-deportistas-elite-202004302013_noticia.html\" rel=\"nofollow noopener\" target=\"_blank\">ABC.es<\/a><\/p>\n","protected":false},"excerpt":{"rendered":"<p>El gobierno se ha retra\u00eddo de las medidas anunciadas ayer, y permitir\u00e1 que los deportistas de \u00e9lite realicen su actividad f\u00edsica con normalidad, a partir del lunes La presi\u00f3n ejercida por los sectores del deporte ha hecho efecto sobre las medidas que ayer anunci\u00f3 el ministro Illa. Eran muchos los deportistas que se quejaban de [&hellip;]<\/p>\n","protected":false},"author":309,"featured_media":62391,"comment_status":"closed","ping_status":"closed","sticky":false,"template":"","format":"standard","meta":{"_acf_changed":false,"rank_math_lock_modified_date":false,"footnotes":""},"categories":[17,2033],"tags":[7831,7830],"class_list":{"0":"post-67983","1":"post","2":"type-post","3":"status-publish","4":"format-standard","5":"has-post-thumbnail","7":"category-actualidad","8":"category-sport","9":"tag-deportistas-elite","10":"tag-pasaporte"},"acf":[],"_links":{"self":[{"href":"https:\/\/miurltemporal.com/main/triatletasenred.sport.es\/wp-json\/wp\/v2\/posts\/67983"}],"collection":[{"href":"https:\/\/miurltemporal.com/main/triatletasenred.sport.es\/wp-json\/wp\/v2\/posts"}],"about":[{"href":"https:\/\/miurltemporal.com/main/triatletasenred.sport.es\/wp-json\/wp\/v2\/types\/post"}],"author":[{"embeddable":true,"href":"https:\/\/miurltemporal.com/main/triatletasenred.sport.es\/wp-json\/wp\/v2\/users\/309"}],"replies":[{"embeddable":true,"href":"https:\/\/miurltemporal.com/main/triatletasenred.sport.es\/wp-json\/wp\/v2\/comments?post=67983"}],"version-history":[{"count":0,"href":"https:\/\/miurltemporal.com/main/triatletasenred.sport.es\/wp-json\/wp\/v2\/posts\/67983\/revisions"}],"wp:featuredmedia":[{"embeddable":true,"href":"https:\/\/miurltemporal.com/main/triatletasenred.sport.es\/wp-json\/wp\/v2\/media\/62391"}],"wp:attachment":[{"href":"https:\/\/miurltemporal.com/main/triatletasenred.sport.es\/wp-json\/wp\/v2\/media?parent=67983"}],"wp:term":[{"taxonomy":"category","embeddable":true,"href":"https:\/\/miurltemporal.com/main/triatletasenred.sport.es\/wp-json\/wp\/v2\/categories?post=67983"},{"taxonomy":"post_tag","embeddable":true,"href":"https:\/\/miurltemporal.com/main/triatletasenred.sport.es\/wp-json\/wp\/v2\/tags?post=67983"}],"curies":[{"name":"wp","href":"https:\/\/api.w.org\/{rel}","templated":true}]}}