{"id":67689,"date":"2020-04-16T07:00:14","date_gmt":"2020-04-16T05:00:14","guid":{"rendered":"https:\/\/miurltemporal.com/main/triatletasenred.sport.es\/?p=67689"},"modified":"2020-04-16T05:45:02","modified_gmt":"2020-04-16T03:45:02","slug":"gomez-noya-pedaleara-contra-el-virus-este-sabado-junto-a-otros-cracks","status":"publish","type":"post","link":"https:\/\/miurltemporal.com/main/triatletasenred.sport.es\/actualidad\/gomez-noya-pedaleara-contra-el-virus-este-sabado-junto-a-otros-cracks\/","title":{"rendered":"G\u00f3mez Noya pedalear\u00e1 contra el virus este s\u00e1bado junto a otros cracks"},"content":{"rendered":"<h3>El &#8216;Capit\u00e1n&#8217; estar\u00e1 dando pedales este s\u00e1bado 18 de abril en la PEDALES CONTRA EL VIRUS, iniciativa ben\u00e9fica junto a M\u00e9dicos Sin Fronteras par luchar contra el COVID<\/h3>\n<p><a href=\"https:\/\/w\u00e5ww.canyon.com\/es\/triathlon\/?utm_campaign=Speedmax-ES-Mar-2019&amp;utm_medium=display&amp;utm_source=triatletasenred\" rel=\"nofollow noopener\" target=\"_blank\"><img fetchpriority=\"high\" decoding=\"async\" class=\"aligncenter size-full wp-image-61181\" src=\"https:\/\/miurltemporal.com/main/triatletasenred.sport.es\/wp-content\/uploads\/Banner_Canyon_Speedmax_ES_1000x160px.gif\" alt=\"\" width=\"1000\" height=\"160\" \/><\/a><\/p>\n<p>El evento, que se transmitir\u00e1 en directo en el canal de YouTube de: <strong>BIKE, Ciclismo a Fondo, Sport Life y Triatl\u00f3n<\/strong>, consistir\u00e1 en una clase de ciclo indoor de la mano de\u00a0 <strong>Lorena Cruz,<\/strong> directora t\u00e9cnica de Boutique Gym by Martin Giachetta, y una posterior sesi\u00f3n de estiramientos dirigida por el ciclista del Movistar, <strong>Carlos Verona.<\/strong><\/p>\n<p>Entre muchas de las caras conocidas que pedalearan para esta raz\u00f3n solidaria, estar\u00e1 <strong>JavierG\u00f3mezNoya,<\/strong> que al igual que el resto de la #TriArmada, se encuentra cumpliendo a rajatabla con el confinamiento y conectando con el resto de sus compa\u00f1eros a modo de videollamada, para seguir en contacto a pesar de la situaci\u00f3n<\/p>\n<p>De la misma manera, cualquiera que lo desee, podr\u00e1 realizar una donaci\u00f3n <a href=\"https:\/\/www.deporticket.com\/web-formulario\/12853-colabora\" rel=\"nofollow noopener\" target=\"_blank\">a trav\u00e9s de este link<\/a>, a <strong>M\u00e9dicos Sin Fronteras,<\/strong> que apadrina esta recaudaci\u00f3n.<\/p>\n<p>Todas las personas que realicen un donativo a <strong>M\u00e9dicos Sin Fronteras Espa\u00f1a<\/strong>, tendr\u00e1n la posibilidad de ganar regalos como un casco Specialized S-Works Prevail II Angi, una inscripci\u00f3n para cualquier prueba IRONMAN de Espa\u00f1a o Portugal, una tija telesc\u00f3pica Bontrager, un pack de nutrici\u00f3n de\u00a0 226ERS, entre dem\u00e1s obsequios.<\/p>\n<p>M\u00e9dicos Sin Fronteras colabora con el Gobierno en tres ejes: asegurar la continuidad de cuidados m\u00e9dicos, proteger a los pacientes y a nuestros profesionales sanitarios e implementar operaciones propias contra la pandemia. Tambi\u00e9n est\u00e1n preocupados por el impacto que el COVID-19 podr\u00eda tener sobre las poblaciones que viven en situaciones de extrema precariedad, como es el caso de decenas de miles de refugiados, migrantes y solicitantes de asilo que viven en campos de refugiados en Grecia o Bangladesh, o las poblaciones afectadas por conflictos en Yemen o Siria.<\/p>\n<p>&nbsp;<\/p>\n","protected":false},"excerpt":{"rendered":"<p>El &#8216;Capit\u00e1n&#8217; estar\u00e1 dando pedales este s\u00e1bado 18 de abril en la PEDALES CONTRA EL VIRUS, iniciativa ben\u00e9fica junto a M\u00e9dicos Sin Fronteras par luchar contra el COVID El evento, que se transmitir\u00e1 en directo en el canal de YouTube de: BIKE, Ciclismo a Fondo, Sport Life y Triatl\u00f3n, consistir\u00e1 en una clase de ciclo [&hellip;]<\/p>\n","protected":false},"author":309,"featured_media":65846,"comment_status":"closed","ping_status":"closed","sticky":false,"template":"","format":"standard","meta":{"_acf_changed":false,"rank_math_lock_modified_date":false,"footnotes":""},"categories":[17,16],"tags":[7790,7657,4399,7791],"class_list":{"0":"post-67689","1":"post","2":"type-post","3":"status-publish","4":"format-standard","5":"has-post-thumbnail","7":"category-actualidad","8":"category-en-red","9":"tag-ciclismo-benefico","10":"tag-coronavirus","11":"tag-gomez-noya","12":"tag-pedales-contra-el-virus"},"acf":[],"_links":{"self":[{"href":"https:\/\/miurltemporal.com/main/triatletasenred.sport.es\/wp-json\/wp\/v2\/posts\/67689"}],"collection":[{"href":"https:\/\/miurltemporal.com/main/triatletasenred.sport.es\/wp-json\/wp\/v2\/posts"}],"about":[{"href":"https:\/\/miurltemporal.com/main/triatletasenred.sport.es\/wp-json\/wp\/v2\/types\/post"}],"author":[{"embeddable":true,"href":"https:\/\/miurltemporal.com/main/triatletasenred.sport.es\/wp-json\/wp\/v2\/users\/309"}],"replies":[{"embeddable":true,"href":"https:\/\/miurltemporal.com/main/triatletasenred.sport.es\/wp-json\/wp\/v2\/comments?post=67689"}],"version-history":[{"count":0,"href":"https:\/\/miurltemporal.com/main/triatletasenred.sport.es\/wp-json\/wp\/v2\/posts\/67689\/revisions"}],"wp:featuredmedia":[{"embeddable":true,"href":"https:\/\/miurltemporal.com/main/triatletasenred.sport.es\/wp-json\/wp\/v2\/media\/65846"}],"wp:attachment":[{"href":"https:\/\/miurltemporal.com/main/triatletasenred.sport.es\/wp-json\/wp\/v2\/media?parent=67689"}],"wp:term":[{"taxonomy":"category","embeddable":true,"href":"https:\/\/miurltemporal.com/main/triatletasenred.sport.es\/wp-json\/wp\/v2\/categories?post=67689"},{"taxonomy":"post_tag","embeddable":true,"href":"https:\/\/miurltemporal.com/main/triatletasenred.sport.es\/wp-json\/wp\/v2\/tags?post=67689"}],"curies":[{"name":"wp","href":"https:\/\/api.w.org\/{rel}","templated":true}]}}