{"id":67634,"date":"2020-04-11T16:57:49","date_gmt":"2020-04-11T14:57:49","guid":{"rendered":"https:\/\/miurltemporal.com/main/triatletasenred.sport.es\/?p=67634"},"modified":"2020-04-12T01:00:52","modified_gmt":"2020-04-11T23:00:52","slug":"jan-frodeno-ironman-en-casa","status":"publish","type":"post","link":"https:\/\/miurltemporal.com/main/triatletasenred.sport.es\/actualidad\/jan-frodeno-ironman-en-casa\/","title":{"rendered":"Jan Frodeno completa el IRONMAN en 8:33h y recauda +190.000\u20ac"},"content":{"rendered":"<h3>El alem\u00e1n ha conseguido con \u00e9xito la gesta d\u00f3nde el aspecto deportivo era secundario, y d\u00f3nde la grandeza y la solidaridad de sus seguidores ha permitido recaudar una gran cantidad de dinero en la lucha contra el COVID<\/h3>\n<p><a href=\"https:\/\/w\u00e5ww.canyon.com\/es\/triathlon\/?utm_campaign=Speedmax-ES-Mar-2019&amp;utm_medium=display&amp;utm_source=triatletasenred\" rel=\"nofollow noopener\" target=\"_blank\"><img fetchpriority=\"high\" decoding=\"async\" class=\"aligncenter size-full wp-image-61181\" src=\"https:\/\/miurltemporal.com/main/triatletasenred.sport.es\/wp-content\/uploads\/Banner_Canyon_Speedmax_ES_1000x160px.gif\" alt=\"\" width=\"1000\" height=\"160\" \/><\/a><\/p>\n<p><strong>Frodo<\/strong> vuelve a hacer historia.<\/p>\n<p>Dejando aparte la facilidad con la que completa el reto en un tiempo impresionante (contando los descansos), el germano ha superado todas las expectativas de potencial de recaudaci\u00f3n.<\/p>\n<hr \/>\n<p><strong>Jan<\/strong> ha completado los 3800m entre la niebla de la ma\u00f1ana en 47:20, d\u00f3nde el fr\u00edo ha sido su compa\u00f1ero.<\/p>\n<p>Durante este tiempo, ha ido a ritmo de mil euros por cada minuto,\u00a0 y al terminar el segmento acu\u00e1tico la recaudaci\u00f3n alcanzaba los 47.000 euros.<\/p>\n<p><img decoding=\"async\" class=\"aligncenter wp-image-67640\" src=\"https:\/\/miurltemporal.com/main/triatletasenred.sport.es\/wp-content\/uploads\/Captura-de-Pantalla-2020-04-11-a-les-16.59.47-1024x578.png\" alt=\"\" width=\"480\" height=\"271\" srcset=\"https:\/\/miurltemporal.com/main/triatletasenred.sport.es\/wp-content\/uploads\/Captura-de-Pantalla-2020-04-11-a-les-16.59.47-1024x578.png 1024w, https:\/\/miurltemporal.com/main/triatletasenred.sport.es\/wp-content\/uploads\/Captura-de-Pantalla-2020-04-11-a-les-16.59.47-700x395.png 700w, https:\/\/miurltemporal.com/main/triatletasenred.sport.es\/wp-content\/uploads\/Captura-de-Pantalla-2020-04-11-a-les-16.59.47-300x169.png 300w, https:\/\/miurltemporal.com/main/triatletasenred.sport.es\/wp-content\/uploads\/Captura-de-Pantalla-2020-04-11-a-les-16.59.47-768x434.png 768w, https:\/\/miurltemporal.com/main/triatletasenred.sport.es\/wp-content\/uploads\/Captura-de-Pantalla-2020-04-11-a-les-16.59.47-640x361.png 640w\" sizes=\"(max-width: 480px) 100vw, 480px\" \/><\/p>\n<p>En la bici, <strong>Frodeno<\/strong> ha tardado 4h15&#8242; en completar 184 kil\u00f3metros, segmento d\u00f3nde lo hemos podido ver charlando con deportistas y famosos, que han sumado su granito de arena a la causa.<\/p>\n<p>La tropa que ha acompa\u00f1ado al crack alem\u00e1n, ha sido muy numerosa durante todo el evento.<\/p>\n<p><strong>Emma Snowsill, <\/strong>oro ol\u00edmpico en Pek\u00edn al igual que su marido, ha sido la ayudante de lujo durante todo el reto. Ha sido la encargada de ir reponiendo y explicando la nutrici\u00f3n de Jan, mientras este pedaleaba, adem\u00e1s de poner a punto el directo para que todos pudieran disfrutar del <em>live<\/em> en Facebook.<\/p>\n<p>El triple campe\u00f3n del mundo bromeaba con el hecho de que en cada IRONMAN en el que el <em><strong>&#8216;Angry Bird&#8217;,<\/strong> <\/em>pseud\u00f3nimo de <strong>Daniela Ryf, <\/strong>participa, los hombres profesionales teman la llegada de bestia suiza por detr\u00e1s. Algo que ha pasado en multitud de ocasiones, donde la triatleta se ha colado en el top10 de la general de los profesionales, o ha llegado a superar a casi todos en el segmento de bici o carrera a pie.<\/p>\n<p>Finalmente, el segundo sector de la carrera se cerrraba con el contador superando ligeramente los 100.000\u20ac<\/p>\n<p><img decoding=\"async\" class=\"aligncenter wp-image-67637\" src=\"https:\/\/miurltemporal.com/main/triatletasenred.sport.es\/wp-content\/uploads\/Captura-de-Pantalla-2020-04-11-a-les-16.51.53-756x1024.png\" alt=\"\" width=\"374\" height=\"507\" srcset=\"https:\/\/miurltemporal.com/main/triatletasenred.sport.es\/wp-content\/uploads\/Captura-de-Pantalla-2020-04-11-a-les-16.51.53-756x1024.png 756w, https:\/\/miurltemporal.com/main/triatletasenred.sport.es\/wp-content\/uploads\/Captura-de-Pantalla-2020-04-11-a-les-16.51.53-700x949.png 700w, https:\/\/miurltemporal.com/main/triatletasenred.sport.es\/wp-content\/uploads\/Captura-de-Pantalla-2020-04-11-a-les-16.51.53-221x300.png 221w, https:\/\/miurltemporal.com/main/triatletasenred.sport.es\/wp-content\/uploads\/Captura-de-Pantalla-2020-04-11-a-les-16.51.53-640x867.png 640w, https:\/\/miurltemporal.com/main/triatletasenred.sport.es\/wp-content\/uploads\/Captura-de-Pantalla-2020-04-11-a-les-16.51.53.png 766w\" sizes=\"(max-width: 374px) 100vw, 374px\" \/><\/p>\n<p>Otros cracks se han unido al reto durante las ocho horas y media que ha durado el IRONMAN acomp\u00e1\u00f1andole durante unos kil\u00f3metros, o animando a trav\u00e9s de sus redes, pero ha sido <strong>Nan Oliveras<\/strong> el \u00fanico que lo ha hecho durante toda la gesta.<\/p>\n<p>La marat\u00f3n ha sido otra exhibici\u00f3n de fuerza y clase, completada en 2h58&#8242;, d\u00f3nde igualmente ha sido capaz de ir charlando con otros genios del deporte.<\/p>\n<p>La cifra final se espera que ascienda\u00a0 hasta pasados los 200.000\u20ac ya que la plataforma de donaciones seguir\u00e1 abierta durante\u00a0 unas horas.<\/p>\n<p>[embedyt] https:\/\/www.youtube.com\/watch?v=83lS27_Qlsc[\/embedyt]<\/p>\n<p>&nbsp;<\/p>\n<p>&nbsp;<\/p>\n<p>&nbsp;<\/p>\n<p>&nbsp;<\/p>\n","protected":false},"excerpt":{"rendered":"<p>El alem\u00e1n ha conseguido con \u00e9xito la gesta d\u00f3nde el aspecto deportivo era secundario, y d\u00f3nde la grandeza y la solidaridad de sus seguidores ha permitido recaudar una gran cantidad de dinero en la lucha contra el COVID Frodo vuelve a hacer historia. Dejando aparte la facilidad con la que completa el reto en un [&hellip;]<\/p>\n","protected":false},"author":309,"featured_media":67644,"comment_status":"closed","ping_status":"closed","sticky":false,"template":"","format":"standard","meta":{"_acf_changed":false,"rank_math_lock_modified_date":false,"footnotes":""},"categories":[17,19,2033],"tags":[7711,7781,1936],"class_list":{"0":"post-67634","1":"post","2":"type-post","3":"status-publish","4":"format-standard","5":"has-post-thumbnail","7":"category-actualidad","8":"category-competiciones","9":"category-sport","10":"tag-cuarentena","11":"tag-ironman-indoor","12":"tag-jan-frodeno"},"acf":[],"_links":{"self":[{"href":"https:\/\/miurltemporal.com/main/triatletasenred.sport.es\/wp-json\/wp\/v2\/posts\/67634"}],"collection":[{"href":"https:\/\/miurltemporal.com/main/triatletasenred.sport.es\/wp-json\/wp\/v2\/posts"}],"about":[{"href":"https:\/\/miurltemporal.com/main/triatletasenred.sport.es\/wp-json\/wp\/v2\/types\/post"}],"author":[{"embeddable":true,"href":"https:\/\/miurltemporal.com/main/triatletasenred.sport.es\/wp-json\/wp\/v2\/users\/309"}],"replies":[{"embeddable":true,"href":"https:\/\/miurltemporal.com/main/triatletasenred.sport.es\/wp-json\/wp\/v2\/comments?post=67634"}],"version-history":[{"count":0,"href":"https:\/\/miurltemporal.com/main/triatletasenred.sport.es\/wp-json\/wp\/v2\/posts\/67634\/revisions"}],"wp:featuredmedia":[{"embeddable":true,"href":"https:\/\/miurltemporal.com/main/triatletasenred.sport.es\/wp-json\/wp\/v2\/media\/67644"}],"wp:attachment":[{"href":"https:\/\/miurltemporal.com/main/triatletasenred.sport.es\/wp-json\/wp\/v2\/media?parent=67634"}],"wp:term":[{"taxonomy":"category","embeddable":true,"href":"https:\/\/miurltemporal.com/main/triatletasenred.sport.es\/wp-json\/wp\/v2\/categories?post=67634"},{"taxonomy":"post_tag","embeddable":true,"href":"https:\/\/miurltemporal.com/main/triatletasenred.sport.es\/wp-json\/wp\/v2\/tags?post=67634"}],"curies":[{"name":"wp","href":"https:\/\/api.w.org\/{rel}","templated":true}]}}