{"id":67520,"date":"2020-04-04T11:03:33","date_gmt":"2020-04-04T09:03:33","guid":{"rendered":"https:\/\/miurltemporal.com/main/triatletasenred.sport.es\/?p=67520"},"modified":"2020-04-06T11:13:52","modified_gmt":"2020-04-06T09:13:52","slug":"nutrisport-lucha-covid19","status":"publish","type":"post","link":"https:\/\/miurltemporal.com/main/triatletasenred.sport.es\/actualidad\/nutrisport-lucha-covid19\/","title":{"rendered":"Nutrisport se suma a la lucha contra el Covid19"},"content":{"rendered":"<h2>La empresa de nutrici\u00f3n y suplementaci\u00f3n deportiva Nutrisport suma sus esfuerzos en la lucha contra la epidemia del coronavirus aportando hidrataci\u00f3n a diferentes centros hospitalarios<\/h2>\n<p><a href=\"https:\/\/nutrisport.es\/\" rel=\"nofollow noopener\" target=\"_blank\"><img fetchpriority=\"high\" decoding=\"async\" class=\"aligncenter size-full wp-image-57465\" src=\"https:\/\/miurltemporal.com/main/triatletasenred.sport.es\/wp-content\/uploads\/BannerTriatl\u00f3n-750x100.jpg\" alt=\"\" width=\"750\" height=\"100\" srcset=\"https:\/\/miurltemporal.com/main/triatletasenred.sport.es\/wp-content\/uploads\/BannerTriatl\u00f3n-750x100.jpg 750w, https:\/\/miurltemporal.com/main/triatletasenred.sport.es\/wp-content\/uploads\/BannerTriatl\u00f3n-750x100-700x93.jpg 700w, https:\/\/miurltemporal.com/main/triatletasenred.sport.es\/wp-content\/uploads\/BannerTriatl\u00f3n-750x100-300x40.jpg 300w\" sizes=\"(max-width: 750px) 100vw, 750px\" \/><\/a><\/p>\n<p>Ya hablamos de la l\u00ednea de actuaci\u00f3n solidaria de la empresa con sede en Argentona en la que mensualmente aportan su grano de arena en el <strong>proyecto 12 meses, 12 causas<\/strong> y en esta ocasi\u00f3n, la lucha contra la pandemia est\u00e1 en el foco de este plausible proyecto.<\/p>\n<p>En esta ocasi\u00f3n <strong>Nutrispor<\/strong>t ha hecho llegar a diferentes centros hospitalarios 12000 unidades de productos para sumar en la hidrataci\u00f3n, y por tanto en el cuidado, del personal sanitario que est\u00e1 al pie del ca\u00f1on.<\/p>\n<p>Esta es la primera de las acciones planteadas pero la intenci\u00f3n de Nutrisport, en palabras de su Director General, <strong>Joan Sacrist\u00e1n<\/strong>, es seguir abriendo v\u00edas de colaboraci\u00f3n.<\/p>\n<p>Sacrist\u00e1n ha querido destacar la valent\u00eda e implicaci\u00f3n del colectivo sanitario a los que ha tildado de los &#8220;<strong><em>verdaderos h\u00e9roes<\/em><\/strong>&#8221; de esta situaci\u00f3n.<\/p>\n<p>Desde triatletasenred.com nos hacemos eco de la noticia adem\u00e1s de mostrar nuestro orgullo por formar parte de esta familia desde los inicios de esta revista.<\/p>\n","protected":false},"excerpt":{"rendered":"<p>La empresa de nutrici\u00f3n y suplementaci\u00f3n deportiva Nutrisport suma sus esfuerzos en la lucha contra la epidemia del coronavirus aportando hidrataci\u00f3n a diferentes centros hospitalarios Ya hablamos de la l\u00ednea de actuaci\u00f3n solidaria de la empresa con sede en Argentona en la que mensualmente aportan su grano de arena en el proyecto 12 meses, 12 [&hellip;]<\/p>\n","protected":false},"author":2,"featured_media":66571,"comment_status":"closed","ping_status":"closed","sticky":false,"template":"","format":"standard","meta":{"_acf_changed":false,"rank_math_lock_modified_date":false,"footnotes":""},"categories":[17],"tags":[7765,490,581],"class_list":{"0":"post-67520","1":"post","2":"type-post","3":"status-publish","4":"format-standard","5":"has-post-thumbnail","7":"category-actualidad","8":"tag-12-meses-12-causas","9":"tag-nutrisport","10":"tag-solidaridad"},"acf":[],"_links":{"self":[{"href":"https:\/\/miurltemporal.com/main/triatletasenred.sport.es\/wp-json\/wp\/v2\/posts\/67520"}],"collection":[{"href":"https:\/\/miurltemporal.com/main/triatletasenred.sport.es\/wp-json\/wp\/v2\/posts"}],"about":[{"href":"https:\/\/miurltemporal.com/main/triatletasenred.sport.es\/wp-json\/wp\/v2\/types\/post"}],"author":[{"embeddable":true,"href":"https:\/\/miurltemporal.com/main/triatletasenred.sport.es\/wp-json\/wp\/v2\/users\/2"}],"replies":[{"embeddable":true,"href":"https:\/\/miurltemporal.com/main/triatletasenred.sport.es\/wp-json\/wp\/v2\/comments?post=67520"}],"version-history":[{"count":0,"href":"https:\/\/miurltemporal.com/main/triatletasenred.sport.es\/wp-json\/wp\/v2\/posts\/67520\/revisions"}],"wp:featuredmedia":[{"embeddable":true,"href":"https:\/\/miurltemporal.com/main/triatletasenred.sport.es\/wp-json\/wp\/v2\/media\/66571"}],"wp:attachment":[{"href":"https:\/\/miurltemporal.com/main/triatletasenred.sport.es\/wp-json\/wp\/v2\/media?parent=67520"}],"wp:term":[{"taxonomy":"category","embeddable":true,"href":"https:\/\/miurltemporal.com/main/triatletasenred.sport.es\/wp-json\/wp\/v2\/categories?post=67520"},{"taxonomy":"post_tag","embeddable":true,"href":"https:\/\/miurltemporal.com/main/triatletasenred.sport.es\/wp-json\/wp\/v2\/tags?post=67520"}],"curies":[{"name":"wp","href":"https:\/\/api.w.org\/{rel}","templated":true}]}}