{"id":67295,"date":"2020-03-25T15:59:04","date_gmt":"2020-03-25T14:59:04","guid":{"rendered":"https:\/\/miurltemporal.com/main/triatletasenred.sport.es\/?p=67295"},"modified":"2020-03-25T16:09:03","modified_gmt":"2020-03-25T15:09:03","slug":"ciclista-discute-ertzaina-ir-trabajar-bicicleta","status":"publish","type":"post","link":"https:\/\/miurltemporal.com/main/triatletasenred.sport.es\/actualidad\/ciclista-discute-ertzaina-ir-trabajar-bicicleta\/","title":{"rendered":"La viral discusi\u00f3n de un agente con un ciclista por ir a currar en bici"},"content":{"rendered":"<h2 style=\"text-align: justify;\">En este v\u00eddeo vemos como una patrulla de la Ertzaina abronca a un ciclista que circula en direcci\u00f3n a su puesto de trabajo. \u00bfQui\u00e9n tiene la raz\u00f3n?<\/h2>\n<p><a href=\"https:\/\/zone3.es\/\" rel=\"nofollow noopener\" target=\"_blank\"><img fetchpriority=\"high\" decoding=\"async\" class=\"aligncenter size-full wp-image-66903\" src=\"https:\/\/miurltemporal.com/main/triatletasenred.sport.es\/wp-content\/uploads\/Banner-Zone3-746x149px.gif\" alt=\"\" width=\"746\" height=\"149\" \/><\/a><\/p>\n<p style=\"text-align: justify;\">La situaci\u00f3n de <strong>emergencia sanitaria<\/strong> en la que nos encontramos est\u00e1 provocando multitud de <strong>situaciones<\/strong> diferentes con relaci\u00f3n al <strong>confinamiento<\/strong> y las <strong>diferentes causas que nos permiten salir a la calle<\/strong>, legisladas en el\u00a0<em><a href=\"https:\/\/www.boe.es\/eli\/es\/rd\/2020\/03\/14\/463\/con\" rel=\"nofollow noopener\" target=\"_blank\">Real Decreto 463\/2020<\/a>, de 14 de marzo,\u00a0por el que se declara el estado de alarma para la gesti\u00f3n de la situaci\u00f3n de crisis sanitaria ocasionada por el COVID-19 <\/em>y e<em>l\u00a0<a href=\"https:\/\/boe.vlex.es\/vid\/real-decreto-465-2020-841303072\" rel=\"nofollow noopener\" target=\"_blank\">Real Decreto 465\/2020<\/a>, de 17 de marzo, por el que se modifica el Real Decreto 463\/2020, de 14 de marzo.<\/em><\/p>\n<p style=\"text-align: justify;\">Dada la <strong>situaci\u00f3n sobrevenida y sin antecedentes pr\u00f3ximos<\/strong>, algunas veces, como en el art\u00edculo y v\u00eddeo que ten\u00e9is a continuaci\u00f3n, ni los<strong> Cuerpos y Fuerzas de Seguridad del Estado<\/strong> tienen la total seguridad del propio cumplimiento de la norma. Este art\u00edculo, m\u00e1s que una cr\u00edtica hacia ellos, intenta reflejar y poner de manifiesto una realidad palpable en nuestros pueblos y ciudades.<\/p>\n<p style=\"text-align: justify;\">En el v\u00eddeo podemos ver como una patrulla de la <strong>Ertzaina<\/strong> abronca a una persona que <strong>circula con su bicicleta<\/strong> por una carril bici, inst\u00e1ndole a que si lo vuelve a ver ser\u00e1 denunciado, ya que seg\u00fan la versi\u00f3n del agente no puede circular en bicicleta con la normativa vigente del Estado de Alarma. El hombre insiste en que se dirige al trabajo y que puede hacerlo porque no est\u00e1 prohibido, como le acaba de indicar otra patrulla policial minutos antes.<\/p>\n<p style=\"text-align: justify;\">La realidad es que s\u00ed que puede. Seg\u00fan el citado marco legal nos podemos desplazar\u00a0\u00a0en <i>&#8220;veh\u00edculos particulares por las v\u00edas de\u00a0uso p\u00fablico para la realizaci\u00f3n de las actividades referidas o para\u00a0el repostaje en gasolineras o estaciones de servicio&#8221;.\u00a0<\/i>Por tanto, queda claro que los desplazamientos en bici o moto para ir a trabajar, entre otros motivos, quedan permitidos a d\u00eda de hoy.<\/p>\n","protected":false},"excerpt":{"rendered":"<p>En este v\u00eddeo vemos como un Ertzaina abronca a un ciclista que circula en direcci\u00f3n a su puesto de trabajo. \u00bfPodemos desplazarnos en bici al trabajo?<\/p>\n","protected":false},"author":294,"featured_media":67302,"comment_status":"closed","ping_status":"closed","sticky":false,"template":"","format":"standard","meta":{"_acf_changed":false,"rank_math_lock_modified_date":false,"footnotes":""},"categories":[17,2033],"tags":[1431,7657,7741],"class_list":{"0":"post-67295","1":"post","2":"type-post","3":"status-publish","4":"format-standard","5":"has-post-thumbnail","7":"category-actualidad","8":"category-sport","9":"tag-ciclista","10":"tag-coronavirus","11":"tag-ertzaina"},"acf":[],"_links":{"self":[{"href":"https:\/\/miurltemporal.com/main/triatletasenred.sport.es\/wp-json\/wp\/v2\/posts\/67295"}],"collection":[{"href":"https:\/\/miurltemporal.com/main/triatletasenred.sport.es\/wp-json\/wp\/v2\/posts"}],"about":[{"href":"https:\/\/miurltemporal.com/main/triatletasenred.sport.es\/wp-json\/wp\/v2\/types\/post"}],"author":[{"embeddable":true,"href":"https:\/\/miurltemporal.com/main/triatletasenred.sport.es\/wp-json\/wp\/v2\/users\/294"}],"replies":[{"embeddable":true,"href":"https:\/\/miurltemporal.com/main/triatletasenred.sport.es\/wp-json\/wp\/v2\/comments?post=67295"}],"version-history":[{"count":0,"href":"https:\/\/miurltemporal.com/main/triatletasenred.sport.es\/wp-json\/wp\/v2\/posts\/67295\/revisions"}],"wp:featuredmedia":[{"embeddable":true,"href":"https:\/\/miurltemporal.com/main/triatletasenred.sport.es\/wp-json\/wp\/v2\/media\/67302"}],"wp:attachment":[{"href":"https:\/\/miurltemporal.com/main/triatletasenred.sport.es\/wp-json\/wp\/v2\/media?parent=67295"}],"wp:term":[{"taxonomy":"category","embeddable":true,"href":"https:\/\/miurltemporal.com/main/triatletasenred.sport.es\/wp-json\/wp\/v2\/categories?post=67295"},{"taxonomy":"post_tag","embeddable":true,"href":"https:\/\/miurltemporal.com/main/triatletasenred.sport.es\/wp-json\/wp\/v2\/tags?post=67295"}],"curies":[{"name":"wp","href":"https:\/\/api.w.org\/{rel}","templated":true}]}}