{"id":67288,"date":"2020-03-25T13:49:36","date_gmt":"2020-03-25T12:49:36","guid":{"rendered":"https:\/\/miurltemporal.com/main/triatletasenred.sport.es\/?p=67288"},"modified":"2020-03-25T13:49:36","modified_gmt":"2020-03-25T12:49:36","slug":"china-recupera-carreras-populares","status":"publish","type":"post","link":"https:\/\/miurltemporal.com/main/triatletasenred.sport.es\/actualidad\/china-recupera-carreras-populares\/","title":{"rendered":"China recupera ya las carreras populares"},"content":{"rendered":"<h2 style=\"text-align: justify;\">Desde el continente asi\u00e1tico nos llegan muy buenas noticias en el \u00e1mbito deportivo con la vuelta a las competiciones populares en China<\/h2>\n<p><img fetchpriority=\"high\" decoding=\"async\" class=\"aligncenter size-full wp-image-66806\" src=\"https:\/\/miurltemporal.com/main/triatletasenred.sport.es\/wp-content\/uploads\/INVERSE-BANNER-post.jpg\" alt=\"\" width=\"700\" height=\"150\" srcset=\"https:\/\/miurltemporal.com/main/triatletasenred.sport.es\/wp-content\/uploads\/INVERSE-BANNER-post.jpg 700w, https:\/\/miurltemporal.com/main/triatletasenred.sport.es\/wp-content\/uploads\/INVERSE-BANNER-post-300x64.jpg 300w, https:\/\/miurltemporal.com/main/triatletasenred.sport.es\/wp-content\/uploads\/INVERSE-BANNER-post-640x137.jpg 640w\" sizes=\"(max-width: 700px) 100vw, 700px\" \/><\/p>\n<p style=\"text-align: justify;\">Aunque es un mal menor, lo cierto es que muchos de nosotros, por no decir todos, hemos visto alterado nuestro particular calendario de competiciones. Esas <strong>pruebas<\/strong> en las que hab\u00edamos depositado nuestro esfuerzo en forma de sudor y entrenamiento se han visto <strong>canceladas o aplazadas<\/strong> irremediablemente debido a la crisis sanitaria que est\u00e1 azotando al mundo por el maldito <strong>COVID-19<\/strong>.<\/p>\n<p style=\"text-align: justify;\">La <strong>vuelta a la normalidad<\/strong> para los espa\u00f1oles ahora mismo tiene un denominador com\u00fan: la <strong>incertidumbre<\/strong>. No sabemos el tiempo que nos queda de confinamiento, ni cu\u00e1ndo volveremos a trabajar con normalidad o a poder simplemente colgarnos nuestro preciado dorsal. Sin contar, con todas las personas que est\u00e1n sufriendo la enfermedad ahora mismo directamente o trav\u00e9s de alg\u00fan familiar o conocido. A todos ellos muchos \u00e1nimos y un gran abrazo de parte de todo el equipo de redacci\u00f3n de <strong>Triatletas En Red<\/strong>.<\/p>\n<p><img decoding=\"async\" class=\"wp-image-67293 aligncenter\" src=\"https:\/\/miurltemporal.com/main/triatletasenred.sport.es\/wp-content\/uploads\/110344375-33acb112-5df7-4f92-bc77-e55db872f739-1.jpg\" alt=\"\" width=\"433\" height=\"244\" srcset=\"https:\/\/miurltemporal.com/main/triatletasenred.sport.es\/wp-content\/uploads\/110344375-33acb112-5df7-4f92-bc77-e55db872f739-1.jpg 810w, https:\/\/miurltemporal.com/main/triatletasenred.sport.es\/wp-content\/uploads\/110344375-33acb112-5df7-4f92-bc77-e55db872f739-1-700x394.jpg 700w, https:\/\/miurltemporal.com/main/triatletasenred.sport.es\/wp-content\/uploads\/110344375-33acb112-5df7-4f92-bc77-e55db872f739-1-300x169.jpg 300w, https:\/\/miurltemporal.com/main/triatletasenred.sport.es\/wp-content\/uploads\/110344375-33acb112-5df7-4f92-bc77-e55db872f739-1-768x432.jpg 768w, https:\/\/miurltemporal.com/main/triatletasenred.sport.es\/wp-content\/uploads\/110344375-33acb112-5df7-4f92-bc77-e55db872f739-1-640x360.jpg 640w\" sizes=\"(max-width: 433px) 100vw, 433px\" \/><\/p>\n<p style=\"text-align: justify;\">Pero nos llegan buenas noticias de China, con la celebraci\u00f3n el\u00a0pasado domingo del <strong>Chengdu Panda Marathon<\/strong> en <strong>Dujiangyan<\/strong>. La prueba congreg\u00f3 a pocos deportistas, unos <strong>1.000<\/strong> seg\u00fan los organizadores. Adem\u00e1s, bajo estrictas medidas de seguridad:\u00a0<strong>uso obligatorio de mascarillas<\/strong>, salida por <strong>cajones para evitar las aglomeraciones<\/strong>, <strong>puntos de desinfecci\u00f3n<\/strong>, etc. No obstante, supone un gran alivio para el propio pa\u00eds -recordemos que ha sido el epicentro y punto 0 de propagaci\u00f3n del coronavirus- y para el resto de las personas que disfrutamos nuestro tiempo libre practicando deporte.<\/p>\n<p style=\"text-align: justify;\">Ahora mismo, las <strong>cifras<\/strong> son estremecedoras en <strong>Espa\u00f1a<\/strong>: <strong>47.610 infectados, 3.434 muertos y 5.367 curados.<\/strong> Pero el ejemplo chino es el reflejo donde tenemos que mirarnos. <strong>Con el tiempo la situaci\u00f3n cambiar\u00e1<\/strong>. Por eso es de vital importancia que sigamos manteniendo las <strong>recomendaciones higi\u00e9nicas<\/strong> y la <strong>obligatoriedad de confinamiento<\/strong> del Real Decreto del Estado de Alarma. Ahora m\u00e1s que nunca:\u00a0#yomequedoencasa. \u00a1Muchos \u00e1nimos!<\/p>\n<p>&nbsp;<\/p>\n","protected":false},"excerpt":{"rendered":"<p>Desde el continente asi\u00e1tico nos llegan muy buenas not\u00edcias en el \u00e1mbito deportivo con la vuelta a las competiciones populares.<\/p>\n","protected":false},"author":294,"featured_media":67292,"comment_status":"closed","ping_status":"closed","sticky":false,"template":"","format":"standard","meta":{"_acf_changed":false,"rank_math_lock_modified_date":false,"footnotes":""},"categories":[17,19],"tags":[7740,2503,7657],"class_list":{"0":"post-67288","1":"post","2":"type-post","3":"status-publish","4":"format-standard","5":"has-post-thumbnail","7":"category-actualidad","8":"category-competiciones","9":"tag-carreras-populares","10":"tag-china","11":"tag-coronavirus"},"acf":[],"_links":{"self":[{"href":"https:\/\/miurltemporal.com/main/triatletasenred.sport.es\/wp-json\/wp\/v2\/posts\/67288"}],"collection":[{"href":"https:\/\/miurltemporal.com/main/triatletasenred.sport.es\/wp-json\/wp\/v2\/posts"}],"about":[{"href":"https:\/\/miurltemporal.com/main/triatletasenred.sport.es\/wp-json\/wp\/v2\/types\/post"}],"author":[{"embeddable":true,"href":"https:\/\/miurltemporal.com/main/triatletasenred.sport.es\/wp-json\/wp\/v2\/users\/294"}],"replies":[{"embeddable":true,"href":"https:\/\/miurltemporal.com/main/triatletasenred.sport.es\/wp-json\/wp\/v2\/comments?post=67288"}],"version-history":[{"count":0,"href":"https:\/\/miurltemporal.com/main/triatletasenred.sport.es\/wp-json\/wp\/v2\/posts\/67288\/revisions"}],"wp:featuredmedia":[{"embeddable":true,"href":"https:\/\/miurltemporal.com/main/triatletasenred.sport.es\/wp-json\/wp\/v2\/media\/67292"}],"wp:attachment":[{"href":"https:\/\/miurltemporal.com/main/triatletasenred.sport.es\/wp-json\/wp\/v2\/media?parent=67288"}],"wp:term":[{"taxonomy":"category","embeddable":true,"href":"https:\/\/miurltemporal.com/main/triatletasenred.sport.es\/wp-json\/wp\/v2\/categories?post=67288"},{"taxonomy":"post_tag","embeddable":true,"href":"https:\/\/miurltemporal.com/main/triatletasenred.sport.es\/wp-json\/wp\/v2\/tags?post=67288"}],"curies":[{"name":"wp","href":"https:\/\/api.w.org\/{rel}","templated":true}]}}