{"id":67047,"date":"2020-03-12T09:22:33","date_gmt":"2020-03-12T08:22:33","guid":{"rendered":"https:\/\/miurltemporal.com/main/triatletasenred.sport.es\/?p=67047"},"modified":"2020-03-12T09:22:33","modified_gmt":"2020-03-12T08:22:33","slug":"pablo-dapena-nombrado-embajador-pro-de-la-challenge-family","status":"publish","type":"post","link":"https:\/\/miurltemporal.com/main/triatletasenred.sport.es\/actualidad\/pablo-dapena-nombrado-embajador-pro-de-la-challenge-family\/","title":{"rendered":"Pablo Dapena nombrado embajador pro de la Challenge Family"},"content":{"rendered":"<h2>El gallego Pablo Dapena ser\u00e1 uno de los embajadores oficiales en un elenco de profesionales de primera l\u00ednea para la Challenge Family seg\u00fan a anunciado la empresa alemana.<\/h2>\n<p><a href=\"https:\/\/www.finisher.es\" rel=\"nofollow noopener\" target=\"_blank\"><img fetchpriority=\"high\" decoding=\"async\" class=\"aligncenter size-full wp-image-65225\" src=\"https:\/\/miurltemporal.com/main/triatletasenred.sport.es\/wp-content\/uploads\/banner_finisher_articles.gif\" alt=\"\" width=\"700\" height=\"150\" \/><\/a><\/p>\n<p>En un momento en el que las buenas noticias brillan por su ausencia, un halo de luz en la persona de nuestro admirado Pablo Dapena que ha visto reconocida su gran labor deportiva y sus valores por la Challenge Family.<\/p>\n<p>La empresa alemana ha dado a conocer el selecto listado en un comunicado oficial en palabras de su CEO <strong>Jort Vlam:<\/strong><br \/>\n&#8220;<em><strong>Estamos muy orgullosos de tener a estos atletas como embajadores, porque son la encarnaci\u00f3n de lo que representa la Challenge Family: estar centrados en la familia, divertirse y disfrutar del deporte, el entusiasmo, la perseverancia y la motivaci\u00f3n para mejorar cada d\u00eda<\/strong><\/em>.&#8221;<\/p>\n<p>En este listado acompa\u00f1an al subcampe\u00f3n del mundo de larga distancia ITU : Radka Kahlefeldt (CZE), Laura Siddall (GBR), Steve McKenna (AUS) y Kieran Lindars (GBR)<\/p>\n<p>Por su parte, Dapena, que fue vencedor en 2018 del Challenge&#8217;s bonus, ha mostrado p\u00fablicamente su satisfacci\u00f3n por pertenecer a este grupo de embajadores.<\/p>\n<blockquote class=\"instagram-media\" style=\"background: #FFF; border: 0; border-radius: 3px; box-shadow: 0 0 1px 0 rgba(0,0,0,0.5),0 1px 10px 0 rgba(0,0,0,0.15); margin: 1px; max-width: 540px; min-width: 326px; padding: 0; width: calc(100% - 2px);\" data-instgrm-captioned=\"\" data-instgrm-permalink=\"https:\/\/www.instagram.com\/p\/B9mz7ewnAKN\/?utm_source=ig_embed&amp;utm_campaign=loading\" data-instgrm-version=\"12\">\n<div style=\"padding: 16px;\">\n<p>&nbsp;<\/p>\n<div style=\"display: flex; flex-direction: row; align-items: center;\">\n<div style=\"background-color: #f4f4f4; border-radius: 50%; flex-grow: 0; height: 40px; margin-right: 14px; width: 40px;\"><\/div>\n<div style=\"display: flex; flex-direction: column; flex-grow: 1; justify-content: center;\">\n<div style=\"background-color: #f4f4f4; border-radius: 4px; flex-grow: 0; height: 14px; margin-bottom: 6px; width: 100px;\"><\/div>\n<div style=\"background-color: #f4f4f4; border-radius: 4px; flex-grow: 0; height: 14px; width: 60px;\"><\/div>\n<\/div>\n<\/div>\n<div style=\"padding: 19% 0;\"><\/div>\n<div style=\"display: block; height: 50px; margin: 0 auto 12px; width: 50px;\"><\/div>\n<div style=\"padding-top: 8px;\">\n<div style=\"color: #3897f0; font-family: Arial,sans-serif; font-size: 14px; font-style: normal; font-weight: 550; line-height: 18px;\">Ver esta publicaci\u00f3n en Instagram<\/div>\n<\/div>\n<div style=\"padding: 12.5% 0;\"><\/div>\n<div style=\"display: flex; flex-direction: row; margin-bottom: 14px; align-items: center;\">\n<div>\n<div style=\"background-color: #f4f4f4; border-radius: 50%; height: 12.5px; width: 12.5px; transform: translateX(0px) translateY(7px);\"><\/div>\n<div style=\"background-color: #f4f4f4; height: 12.5px; transform: rotate(-45deg) translateX(3px) translateY(1px); width: 12.5px; flex-grow: 0; margin-right: 14px; margin-left: 2px;\"><\/div>\n<div style=\"background-color: #f4f4f4; border-radius: 50%; height: 12.5px; width: 12.5px; transform: translateX(9px) translateY(-18px);\"><\/div>\n<\/div>\n<div style=\"margin-left: 8px;\">\n<div style=\"background-color: #f4f4f4; border-radius: 50%; flex-grow: 0; height: 20px; width: 20px;\"><\/div>\n<div style=\"width: 0; height: 0; border-top: 2px solid transparent; border-left: 6px solid #f4f4f4; border-bottom: 2px solid transparent; transform: translateX(16px) translateY(-4px) rotate(30deg);\"><\/div>\n<\/div>\n<div style=\"margin-left: auto;\">\n<div style=\"width: 0px; border-top: 8px solid #F4F4F4; border-right: 8px solid transparent; transform: translateY(16px);\"><\/div>\n<div style=\"background-color: #f4f4f4; flex-grow: 0; height: 12px; width: 16px; transform: translateY(-4px);\"><\/div>\n<div style=\"width: 0; height: 0; border-top: 8px solid #F4F4F4; border-left: 8px solid transparent; transform: translateY(-4px) translateX(8px);\"><\/div>\n<\/div>\n<\/div>\n<p>&nbsp;<\/p>\n<p style=\"margin: 8px 0 0 0; padding: 0 4px;\"><a style=\"color: #000; font-family: Arial,sans-serif; font-size: 14px; font-style: normal; font-weight: normal; line-height: 17px; text-decoration: none; word-wrap: break-word;\" href=\"https:\/\/www.instagram.com\/p\/B9mz7ewnAKN\/?utm_source=ig_embed&amp;utm_campaign=loading\" target=\"_blank\" rel=\"noopener noreferrer nofollow\"> This week we will introduce you to our new &amp; pro athlete ambassadors! The next one we would like to introduce to you is Pablo Dapena Gonz\u00e1lez! Pablo is one of fastest, but also one of the nicest persons in the world of triathlon. Over the last couple of years he has won lots of Challenge Family events and won the World Bonus in 2018. He is really passionate about the sport and carries a smile on his face every time we meet him. We are happy to share Pablo&#8217;s experiences with our races and his love for the sport with you. Welcome to the Family, @pablitopiny !<\/a><\/p>\n<p style=\"color: #c9c8cd; font-family: Arial,sans-serif; font-size: 14px; line-height: 17px; margin-bottom: 0; margin-top: 8px; overflow: hidden; padding: 8px 0 7px; text-align: center; text-overflow: ellipsis; white-space: nowrap;\">Una publicaci\u00f3n compartida de <a style=\"color: #c9c8cd; font-family: Arial,sans-serif; font-size: 14px; font-style: normal; font-weight: normal; line-height: 17px;\" href=\"https:\/\/www.instagram.com\/challengefamily\/?utm_source=ig_embed&amp;utm_campaign=loading\" target=\"_blank\" rel=\"noopener noreferrer nofollow\"> Challenge Family<\/a> (@challengefamily) el <time style=\"font-family: Arial,sans-serif; font-size: 14px; line-height: 17px;\" datetime=\"2020-03-11T20:16:12+00:00\">11 Mar, 2020 a las 1:16 PDT<\/time><\/p>\n<\/div>\n<\/blockquote>\n<p><script async src=\"https:\/\/www.instagram.com\/embed.js\"><\/script><\/p>\n","protected":false},"excerpt":{"rendered":"<p>El gallego Pablo Dapena ser\u00e1 uno de los embajadores oficiales en un elenco de profesionales de primera l\u00ednea para la Challenge Family seg\u00fan a anunciado la empresa alemana. En un momento en el que las buenas noticias brillan por su ausencia, un halo de luz en la persona de nuestro admirado Pablo Dapena que ha [&hellip;]<\/p>\n","protected":false},"author":2,"featured_media":67048,"comment_status":"closed","ping_status":"closed","sticky":false,"template":"","format":"standard","meta":{"_acf_changed":false,"rank_math_lock_modified_date":false,"footnotes":""},"categories":[17],"tags":[389,7698,2483],"class_list":{"0":"post-67047","1":"post","2":"type-post","3":"status-publish","4":"format-standard","5":"has-post-thumbnail","7":"category-actualidad","8":"tag-challenge","9":"tag-embajador","10":"tag-pablo-dapena"},"acf":[],"_links":{"self":[{"href":"https:\/\/miurltemporal.com/main/triatletasenred.sport.es\/wp-json\/wp\/v2\/posts\/67047"}],"collection":[{"href":"https:\/\/miurltemporal.com/main/triatletasenred.sport.es\/wp-json\/wp\/v2\/posts"}],"about":[{"href":"https:\/\/miurltemporal.com/main/triatletasenred.sport.es\/wp-json\/wp\/v2\/types\/post"}],"author":[{"embeddable":true,"href":"https:\/\/miurltemporal.com/main/triatletasenred.sport.es\/wp-json\/wp\/v2\/users\/2"}],"replies":[{"embeddable":true,"href":"https:\/\/miurltemporal.com/main/triatletasenred.sport.es\/wp-json\/wp\/v2\/comments?post=67047"}],"version-history":[{"count":0,"href":"https:\/\/miurltemporal.com/main/triatletasenred.sport.es\/wp-json\/wp\/v2\/posts\/67047\/revisions"}],"wp:featuredmedia":[{"embeddable":true,"href":"https:\/\/miurltemporal.com/main/triatletasenred.sport.es\/wp-json\/wp\/v2\/media\/67048"}],"wp:attachment":[{"href":"https:\/\/miurltemporal.com/main/triatletasenred.sport.es\/wp-json\/wp\/v2\/media?parent=67047"}],"wp:term":[{"taxonomy":"category","embeddable":true,"href":"https:\/\/miurltemporal.com/main/triatletasenred.sport.es\/wp-json\/wp\/v2\/categories?post=67047"},{"taxonomy":"post_tag","embeddable":true,"href":"https:\/\/miurltemporal.com/main/triatletasenred.sport.es\/wp-json\/wp\/v2\/tags?post=67047"}],"curies":[{"name":"wp","href":"https:\/\/api.w.org\/{rel}","templated":true}]}}