{"id":67036,"date":"2020-03-12T07:01:47","date_gmt":"2020-03-12T06:01:47","guid":{"rendered":"https:\/\/miurltemporal.com/main/triatletasenred.sport.es\/?p=67036"},"modified":"2020-03-12T04:00:28","modified_gmt":"2020-03-12T03:00:28","slug":"el-calendario-internacional-azotado-por-el-virus","status":"publish","type":"post","link":"https:\/\/miurltemporal.com/main/triatletasenred.sport.es\/actualidad\/el-calendario-internacional-azotado-por-el-virus\/","title":{"rendered":"El calendario INTERNACIONAL azotado por el virus"},"content":{"rendered":"<h3>Estas son las pruebas que han quedado anuladas o desplazadas en el calendario por culpa de la pandemia mundial<\/h3>\n<p><a href=\"https:\/\/zone3.es\/\" rel=\"nofollow noopener\" target=\"_blank\"><img fetchpriority=\"high\" decoding=\"async\" class=\"aligncenter size-full wp-image-66903\" src=\"https:\/\/miurltemporal.com/main/triatletasenred.sport.es\/wp-content\/uploads\/Banner-Zone3-746x149px.gif\" alt=\"\" width=\"746\" height=\"149\" \/><\/a><\/p>\n<p>No solo en Espa\u00f1a se est\u00e1n tomando medidas dr\u00e1sticas para contener el coronavirus.<\/p>\n<p>Ya son muchas las organizaciones que trabajan a la par con los gobiernos locales, para primar la salud de los deportistas, tanto en \u00e9lites como en populares, donde la masiva participaci\u00f3n de algunos eventos, es un posible punto caliente de contagios.<\/p>\n<p>A d\u00eda de hoy, estos son los grandes eventos a nivel mundial que se han visto afectados por el virus.<\/p>\n<hr \/>\n<ul>\n<li><strong>Challenge Salou<\/strong> &#8211; 29 de marzo &#8211;&gt; 27 de septiembre<\/li>\n<li><strong>Challenge Wuhan<\/strong> &#8211; 24 de mayo &#8211;&gt; Octubre<\/li>\n<li><strong>70.3 Davao Filipinas<\/strong> &#8211; 22 de marzo &#8211;&gt; 10 de mayo<\/li>\n<li><strong>70.3 Liuzhou (China)<\/strong> &#8211; 12 de abril &#8211;&gt; 20 de septiembre<\/li>\n<li><strong>70.3 Taiw\u00e1n<\/strong> &#8211; 14\/15 Marzo &#8211;&gt; 12 de septiembre<\/li>\n<li><strong>IRONMAN Taiwan<\/strong> &#8211; 12 de abril&#8211;&gt; 21 de marzo de 2021<\/li>\n<li><strong>Prueba clasificatoria de Relevos Mixtos Chengdu (China)<\/strong> &#8211; 9 de mayo&#8211;&gt; 1 de mayo en Valencia<\/li>\n<li><strong>Copa del<\/strong>\u00a0 <strong>Mundo de\u00a0Chengdu<\/strong> &#8211; 10 de mayo &#8211;&gt; A\u00fan por decidir o Valencia<\/li>\n<li><strong>WTS Abu Dhabi<\/strong> &#8211; 6 de marzo&#8211;&gt; A\u00fan por decidir<\/li>\n<li><strong>Super League\u00a0Neom (Arabia Saudita)<\/strong> &#8211; 28 de marzo &#8211;&gt; A\u00fan por decidir<\/li>\n<li><strong>ETU Melilla<\/strong> &#8211; 29 de marzo &#8211;&gt; A\u00fan por decidir<\/li>\n<li><strong>ETU Li\u00e9vin Indoor<\/strong> &#8211; 21 de marzo &#8211;&gt; A\u00fan por decidir<\/li>\n<li><strong>Mundial de Paratriatl\u00f3n ITU Milan\u00a0<\/strong>&#8211; 2 de mayo &#8211;&gt; 30 de junio en Montreal<\/li>\n<li><strong>Copa<\/strong>\u00a0<strong>del Mundo Arzachena (Italia) <\/strong>&#8211; 30 de mayo &#8211;&gt; Octubre<\/li>\n<\/ul>\n<p>Falta por saber si la Copa de Europa de Quarteira, planificada para el 27 de abril, sigue su fecha inicial, o es movida en el calendario.<\/p>\n","protected":false},"excerpt":{"rendered":"<p>Estas son las pruebas que han quedado anuladas o desplazadas en el calendario por culpa de la pandemia mundial No solo en Espa\u00f1a se est\u00e1n tomando medidas dr\u00e1sticas para contener el coronavirus. Ya son muchas las organizaciones que trabajan a la par con los gobiernos locales, para primar la salud de los deportistas, tanto en [&hellip;]<\/p>\n","protected":false},"author":309,"featured_media":60901,"comment_status":"closed","ping_status":"closed","sticky":false,"template":"","format":"standard","meta":{"_acf_changed":false,"rank_math_lock_modified_date":false,"footnotes":""},"categories":[17,2033],"tags":[7431,7697,7695,7696],"class_list":{"0":"post-67036","1":"post","2":"type-post","3":"status-publish","4":"format-standard","5":"has-post-thumbnail","7":"category-actualidad","9":"tag-brownlee-gana-ironman-austali","10":"tag-carreras","11":"tag-cornoavirus","12":"tag-suspendidas"},"acf":[],"_links":{"self":[{"href":"https:\/\/miurltemporal.com/main/triatletasenred.sport.es\/wp-json\/wp\/v2\/posts\/67036"}],"collection":[{"href":"https:\/\/miurltemporal.com/main/triatletasenred.sport.es\/wp-json\/wp\/v2\/posts"}],"about":[{"href":"https:\/\/miurltemporal.com/main/triatletasenred.sport.es\/wp-json\/wp\/v2\/types\/post"}],"author":[{"embeddable":true,"href":"https:\/\/miurltemporal.com/main/triatletasenred.sport.es\/wp-json\/wp\/v2\/users\/309"}],"replies":[{"embeddable":true,"href":"https:\/\/miurltemporal.com/main/triatletasenred.sport.es\/wp-json\/wp\/v2\/comments?post=67036"}],"version-history":[{"count":0,"href":"https:\/\/miurltemporal.com/main/triatletasenred.sport.es\/wp-json\/wp\/v2\/posts\/67036\/revisions"}],"wp:featuredmedia":[{"embeddable":true,"href":"https:\/\/miurltemporal.com/main/triatletasenred.sport.es\/wp-json\/wp\/v2\/media\/60901"}],"wp:attachment":[{"href":"https:\/\/miurltemporal.com/main/triatletasenred.sport.es\/wp-json\/wp\/v2\/media?parent=67036"}],"wp:term":[{"taxonomy":"category","embeddable":true,"href":"https:\/\/miurltemporal.com/main/triatletasenred.sport.es\/wp-json\/wp\/v2\/categories?post=67036"},{"taxonomy":"post_tag","embeddable":true,"href":"https:\/\/miurltemporal.com/main/triatletasenred.sport.es\/wp-json\/wp\/v2\/tags?post=67036"}],"curies":[{"name":"wp","href":"https:\/\/api.w.org\/{rel}","templated":true}]}}