{"id":67033,"date":"2020-03-11T19:31:35","date_gmt":"2020-03-11T18:31:35","guid":{"rendered":"https:\/\/miurltemporal.com/main/triatletasenred.sport.es\/?p=67033"},"modified":"2020-03-11T19:31:35","modified_gmt":"2020-03-11T18:31:35","slug":"se-pospone-el-challenge-salou","status":"publish","type":"post","link":"https:\/\/miurltemporal.com/main/triatletasenred.sport.es\/actualidad\/se-pospone-el-challenge-salou\/","title":{"rendered":"Se pospone el Challenge Salou"},"content":{"rendered":"<h3>La prueba que abr\u00eda el calendario Challenge en Europa queda aplazada por culpa de la pandemia<\/h3>\n<p><\/a><\/p>\n<p>A continuaci\u00f3n, adjuntamos el comunicado de la marca, que ha tenido que adherirse al plan de protecci\u00f3n civil PROCICAT.<\/p>\n<hr \/>\n<p>Apreciados Atletas,<\/p>\n<p>En los \u00faltimos d\u00edas hemos recibido muchas preguntas sobre el posible efecto del coronavirus en el Challenge Salou 2020. Queremos informar a todos los usuarios que estamos coordinados con las autoridades sanitarias oficiales competentes en materia de salud y seguridad y que seguimos todas sus recomendaciones.<\/p>\n<p>Lamentablemente, tenemos que informar que a fecha de hoy existen limitaciones en la celebraci\u00f3n de eventos deportivos, seg\u00fan se especifica en el plan de actuaci\u00f3n PROCICAT por emergencias asociadas a enfermedades transmisibles emergentes con potencial de alto riesgo.<\/p>\n<p>En Challenge Salou nos vemos obligados a tomar decisiones por el bien de todos: atletas, familiares, espectadores, etc. Seguimos trabajando para que este gran evento de triatl\u00f3n se convierta en un \u00e9xito y por ello nos vemos obligados a posponer el evento para el pr\u00f3ximo 27 de septiembre de 2020, en cumplimento de las medidas dictadas por las autoridades sanitarias.<\/p>\n<p>En caso de que el usuario prefiera guardar la fecha para la edici\u00f3n del 2021 (28.03.2021) o 2022 (fecha a concretar) tendr\u00eda que enviar un mail a la organizaci\u00f3n (info@challengesalou.com) y se le guardar\u00eda el SLOT, sin ning\u00fan coste extra.<\/p>\n<p>Muchas gracias por vuestra comprensi\u00f3n.<\/p>\n<p><em>#wearetriathlon #allabouttheathlete<\/em><\/p>\n","protected":false},"excerpt":{"rendered":"<p>La prueba que abr\u00eda el calendario Challenge en Europa queda aplazada por culpa de la pandemia A continuaci\u00f3n, adjuntamos el comunicado de la marca, que ha tenido que adherirse al plan de protecci\u00f3n civil PROCICAT. Apreciados Atletas, En los \u00faltimos d\u00edas hemos recibido muchas preguntas sobre el posible efecto del coronavirus en el Challenge Salou [&hellip;]<\/p>\n","protected":false},"author":309,"featured_media":67034,"comment_status":"closed","ping_status":"closed","sticky":false,"template":"","format":"standard","meta":{"_acf_changed":false,"rank_math_lock_modified_date":false,"footnotes":""},"categories":[17,2033],"tags":[3091,7693],"class_list":{"0":"post-67033","1":"post","2":"type-post","3":"status-publish","4":"format-standard","5":"has-post-thumbnail","7":"category-actualidad","8":"category-sport","9":"tag-challenge-salou","10":"tag-coronarvirus"},"acf":[],"_links":{"self":[{"href":"https:\/\/miurltemporal.com/main/triatletasenred.sport.es\/wp-json\/wp\/v2\/posts\/67033"}],"collection":[{"href":"https:\/\/miurltemporal.com/main/triatletasenred.sport.es\/wp-json\/wp\/v2\/posts"}],"about":[{"href":"https:\/\/miurltemporal.com/main/triatletasenred.sport.es\/wp-json\/wp\/v2\/types\/post"}],"author":[{"embeddable":true,"href":"https:\/\/miurltemporal.com/main/triatletasenred.sport.es\/wp-json\/wp\/v2\/users\/309"}],"replies":[{"embeddable":true,"href":"https:\/\/miurltemporal.com/main/triatletasenred.sport.es\/wp-json\/wp\/v2\/comments?post=67033"}],"version-history":[{"count":0,"href":"https:\/\/miurltemporal.com/main/triatletasenred.sport.es\/wp-json\/wp\/v2\/posts\/67033\/revisions"}],"wp:featuredmedia":[{"embeddable":true,"href":"https:\/\/miurltemporal.com/main/triatletasenred.sport.es\/wp-json\/wp\/v2\/media\/67034"}],"wp:attachment":[{"href":"https:\/\/miurltemporal.com/main/triatletasenred.sport.es\/wp-json\/wp\/v2\/media?parent=67033"}],"wp:term":[{"taxonomy":"category","embeddable":true,"href":"https:\/\/miurltemporal.com/main/triatletasenred.sport.es\/wp-json\/wp\/v2\/categories?post=67033"},{"taxonomy":"post_tag","embeddable":true,"href":"https:\/\/miurltemporal.com/main/triatletasenred.sport.es\/wp-json\/wp\/v2\/tags?post=67033"}],"curies":[{"name":"wp","href":"https:\/\/api.w.org\/{rel}","templated":true}]}}