{"id":67021,"date":"2022-03-17T05:23:46","date_gmt":"2022-03-17T04:23:46","guid":{"rendered":"https:\/\/miurltemporal.com/main/triatletasenred.sport.es\/?p=67021"},"modified":"2022-03-17T12:10:56","modified_gmt":"2022-03-17T11:10:56","slug":"terres-ebre-2022","status":"publish","type":"post","link":"https:\/\/miurltemporal.com/main/triatletasenred.sport.es\/actualidad\/terres-ebre-2022\/","title":{"rendered":"El Doble Ol\u00edmpic Terres de l&#8217;Ebre 2022 celebrar\u00e1 el 24 de abril su X aniversario"},"content":{"rendered":"<h2 style=\"text-align: justify;\">Tras dos cancelaciones consecutivas por la pandemia, la prueba cumplir\u00e1, al fin, su d\u00e9cimo aniversario.<\/h2>\n<p><a href=\"http:\/\/www.triatloterresdelebre.cat\/es\/inicio\/\" rel=\"nofollow noopener\" target=\"_blank\"><img fetchpriority=\"high\" decoding=\"async\" class=\"aligncenter size-full wp-image-77734\" src=\"https:\/\/miurltemporal.com/main/triatletasenred.sport.es\/wp-content\/uploads\/BannerTerres2.jpg\" alt=\"\" width=\"700\" height=\"150\" srcset=\"https:\/\/miurltemporal.com/main/triatletasenred.sport.es\/wp-content\/uploads\/BannerTerres2.jpg 700w, https:\/\/miurltemporal.com/main/triatletasenred.sport.es\/wp-content\/uploads\/BannerTerres2-300x64.jpg 300w, https:\/\/miurltemporal.com/main/triatletasenred.sport.es\/wp-content\/uploads\/BannerTerres2-696x150.jpg 696w\" sizes=\"(max-width: 700px) 100vw, 700px\" \/><\/a><\/p>\n<p style=\"text-align: justify;\">La confirmaci\u00f3n en la l\u00ednea de salida de triatletas como el internacional\u00a0<strong>Erik Merino<\/strong>, <b>Guillem Rojas o la subcampeona de Espa\u00f1a de Media Distancia, Marta S\u00e1nchez,\u00a0<\/b>no hacen m\u00e1s que augurar espect\u00e1culo en estado puro.<\/p>\n<p style=\"text-align: justify;\"><strong>Merino<\/strong>, con un palmar\u00e9s lleno de \u00e9xitos,<strong> Ventouxman<\/strong> incluido ser\u00e1 serio aspirante al t\u00edtulo con el que luchar\u00e1 con otro gran triatleta del panorama nacional como es Guillem Rojas.<\/p>\n<p style=\"text-align: justify;\">En <strong>f\u00e9minas<\/strong>, \u00a0<b>Marta S\u00e1nchez <\/b>llega con el cartel de subcamepona de Espa\u00f1a en un t\u00edtulo conseguido en Bilbao en 2021 en una trepidante prueba.<\/p>\n<p style=\"text-align: justify;\">Adem\u00e1s de los favoritos, los y las participantes se enfrentar\u00e1n el pr\u00f3ximo 24 de abril a un <strong>triatl\u00f3n muy r\u00e1pido<\/strong>, donde se pueden mantener<strong> ritmos altos<\/strong> y en el que <strong>competir sin grandes aglomeraciones<\/strong>\u00a0en una distancia que no deja indiferente a nadie con 3000 metros de nataci\u00f3n, 90 km en bici y 20 km finales de carrera a pie. Adem\u00e1s, el <strong>circuito pedestre<\/strong>\u00a0vuelve a tener <strong>4 vueltas<\/strong>, en un paseo mar\u00edtimo amplio, reci\u00e9n remodelado y con el aliciente de la proximidad al espectador.<\/p>\n<p style=\"text-align: justify;\">Pero esto no es todo, los organizadores est\u00e1n preparando una <strong>bolsa del corredor<\/strong> TOP, con el <strong>obsequio<\/strong> de un <strong>maillot<\/strong> de bicicleta de la marca <strong>Firehawk<\/strong> con un dise\u00f1o exclusivo para la celebraci\u00f3n del d\u00e9cimo aniversario.<\/p>\n<h3><span class=\"td_btn td_btn_md td_outlined_btn\"><a href=\"http:\/\/www.triatloterresdelebre.cat\/es\/inicio\/\" rel=\"nofollow noopener\" target=\"_blank\">WEB OFICIAL E INSCRIPCIONES<\/a><\/span><\/h3>\n<p>&nbsp;<\/p>\n<p><iframe title=\"A fondo con la RECUPERACI\u00d3N \ud83d\udd25 Triatl\u00f3n a los 4\ufe0f\u20e30\ufe0f\u20e3  Episodio 6\" width=\"696\" height=\"392\" src=\"https:\/\/www.youtube.com\/embed\/ahHcpxKxwig?feature=oembed\" frameborder=\"0\" allow=\"accelerometer; autoplay; clipboard-write; encrypted-media; gyroscope; picture-in-picture; web-share\" referrerpolicy=\"strict-origin-when-cross-origin\" allowfullscreen><\/iframe><\/p>\n<p>&nbsp;<\/p>\n<p>&nbsp;<\/p>\n<p>&nbsp;<\/p>\n","protected":false},"excerpt":{"rendered":"<p>El Doble Ol\u00edmpic de Terres de l&#8217;Ebre ya supera el medio millar de inscripciones en el a\u00f1o de su d\u00e9cimo aniversario.<\/p>\n","protected":false},"author":294,"featured_media":61196,"comment_status":"closed","ping_status":"closed","sticky":false,"template":"","format":"standard","meta":{"_acf_changed":false,"rank_math_lock_modified_date":false,"footnotes":""},"categories":[17,2033],"tags":[1893,2017,924],"class_list":{"0":"post-67021","1":"post","2":"type-post","3":"status-publish","4":"format-standard","5":"has-post-thumbnail","7":"category-actualidad","8":"category-sport","9":"tag-doble-olimpic-terres-de-lebre","10":"tag-erik-merino","11":"tag-ivet-farriols"},"acf":[],"_links":{"self":[{"href":"https:\/\/miurltemporal.com/main/triatletasenred.sport.es\/wp-json\/wp\/v2\/posts\/67021"}],"collection":[{"href":"https:\/\/miurltemporal.com/main/triatletasenred.sport.es\/wp-json\/wp\/v2\/posts"}],"about":[{"href":"https:\/\/miurltemporal.com/main/triatletasenred.sport.es\/wp-json\/wp\/v2\/types\/post"}],"author":[{"embeddable":true,"href":"https:\/\/miurltemporal.com/main/triatletasenred.sport.es\/wp-json\/wp\/v2\/users\/294"}],"replies":[{"embeddable":true,"href":"https:\/\/miurltemporal.com/main/triatletasenred.sport.es\/wp-json\/wp\/v2\/comments?post=67021"}],"version-history":[{"count":2,"href":"https:\/\/miurltemporal.com/main/triatletasenred.sport.es\/wp-json\/wp\/v2\/posts\/67021\/revisions"}],"predecessor-version":[{"id":77735,"href":"https:\/\/miurltemporal.com/main/triatletasenred.sport.es\/wp-json\/wp\/v2\/posts\/67021\/revisions\/77735"}],"wp:featuredmedia":[{"embeddable":true,"href":"https:\/\/miurltemporal.com/main/triatletasenred.sport.es\/wp-json\/wp\/v2\/media\/61196"}],"wp:attachment":[{"href":"https:\/\/miurltemporal.com/main/triatletasenred.sport.es\/wp-json\/wp\/v2\/media?parent=67021"}],"wp:term":[{"taxonomy":"category","embeddable":true,"href":"https:\/\/miurltemporal.com/main/triatletasenred.sport.es\/wp-json\/wp\/v2\/categories?post=67021"},{"taxonomy":"post_tag","embeddable":true,"href":"https:\/\/miurltemporal.com/main/triatletasenred.sport.es\/wp-json\/wp\/v2\/tags?post=67021"}],"curies":[{"name":"wp","href":"https:\/\/api.w.org\/{rel}","templated":true}]}}