{"id":66921,"date":"2020-03-05T07:01:29","date_gmt":"2020-03-05T06:01:29","guid":{"rendered":"https:\/\/miurltemporal.com/main/triatletasenred.sport.es\/?p=66921"},"modified":"2020-03-05T03:43:14","modified_gmt":"2020-03-05T02:43:14","slug":"descubre-el-lado-mas-personal-del-gran-emilio-martin","status":"publish","type":"post","link":"https:\/\/miurltemporal.com/main/triatletasenred.sport.es\/actualidad\/descubre-el-lado-mas-personal-del-gran-emilio-martin\/","title":{"rendered":"Descubre el lado m\u00e1s personal del gran Emilio Mart\u00edn"},"content":{"rendered":"<h3>La Agencia Bis publica un genial documental de 13 minutos en el que Emilio repasa su brillante trayectoria deportiva que a\u00fan est\u00e1 por agrandar<\/h3>\n<p><\/a><\/p>\n<p><strong>Emilio Mart\u00edn<\/strong> es todo un se\u00f1or del deporte.<\/p>\n<p>Una figura que trasciende mucho m\u00e1s all\u00e1 del panorama duatl\u00e9tico y que se postula como un abanderado de los deportes de resistencia y de las buenas maneras en la alta competici\u00f3n.<\/p>\n<p>Un palmar\u00e9s admirable y digno de una leyenda, en el que se encuadran 4 podios en Europeos, incluido un oro en 2015, adem\u00e1s de sus dos t\u00edtulos m\u00e1s preciados, los campeonatos del mundo.<\/p>\n<p>El primero de ellos lo consigui\u00f3 en Nancy el 2012, y el \u00faltimo hace cinco a\u00f1os en Adelaida, a los que se suman 4 platas y un bronce.<\/p>\n<p>Gestas de este calibre, y mucho m\u00e1s, hacen de don Emilio Mart\u00edn, todo un emisario del esp\u00edritu y los valores que todos los que practicamos deporte, admiramos.<\/p>\n<p>Por ello y mucho m\u00e1s, el estadio iberoamericano, su pista talism\u00e1n donde se forj\u00f3 como atleta, recibe en la actualidad, su nombre.<\/p>\n<hr \/>\n<h4>Confesiones de un campe\u00f3n de leyenda<\/h4>\n<p>En el documental aparece su c\u00edrculo m\u00e1s cercano. Su mujer, <strong>Alba<\/strong>\u00a0<strong>L\u00f3pez,<\/strong> a la que conoci\u00f3 haciendo lo que m\u00e1s les gusta, correr, como tambi\u00e9n a sus amigos \u00edntimos, con el atletismo como nexo com\u00fan entre todos ellos.<\/p>\n<p>La familia tambi\u00e9n tiene un espacio especial reservado en el monogr\u00e1fico del campe\u00f3n, un pilar indispensable para el desarrollo de Emilio.<\/p>\n<p>Sus padres, sus hijos y <strong>Alba,\u00a0<\/strong>son los que hacen de Mart\u00edn una persona sencilla y con los pies en el suelo, capaz de disfrutar de cualquier minucia inherente de la rutina familiar que a la vez lo hacen tan grande.<\/p>\n<p>Como \u00e9l mismo confiesa, su sue\u00f1o de peque\u00f1o era el de ser &#8221;profesional del deporte&#8221;. Gracias a su tes\u00f3n y trabajo diario, el onubense puede decir que a d\u00eda de hoy es de los mejores del mundo en su trabajo. \u00bfA qui\u00e9n no le gustar\u00eda decir lo mismo?<\/p>\n<p>Sin embargo, el camino hasta lo m\u00e1s alto del deporte no ha sido un camino de rosas, y como todos en la vida, Emilio ha sufrido algunos reveses en momentos claves de su vida, que le han curtido por dentro como persona, y seguro que como atleta.<\/p>\n<hr \/>\n<p><strong>Objetivo Punta Umbr\u00eda<\/strong><\/p>\n<p><strong>Emilio\u00a0<\/strong>llega con todo a la cita continental, en la que el plantel de salida va a ser de lujo, y que sea cual sea el resultado del crack andaluz, nos llenar\u00e1 de orgullo saber que el duatl\u00f3n tiene nombre, apellido y capital, cuando decimos <strong>Emilio Mart\u00edn.<\/strong><\/p>\n<div class=\"youtube-embed\" data-video_id=\"p962omJC-o0\"><iframe title=\"Emilio Mart\u00edn, confesiones de un campe\u00f3n de leyenda | Documental deportivo\" width=\"696\" height=\"392\" src=\"https:\/\/www.youtube.com\/embed\/p962omJC-o0?feature=oembed&#038;enablejsapi=1\" frameborder=\"0\" allow=\"accelerometer; autoplay; clipboard-write; encrypted-media; gyroscope; picture-in-picture; web-share\" allowfullscreen><\/iframe><\/div>\n","protected":false},"excerpt":{"rendered":"<p>La Agencia Bis publica un genial documental de 13 minutos en el que Emilio repasa su brillante trayectoria deportiva que a\u00fan est\u00e1 por agrandar Emilio Mart\u00edn es todo un se\u00f1or del deporte. Una figura que trasciende mucho m\u00e1s all\u00e1 del panorama duatl\u00e9tico y que se postula como un abanderado de los deportes de resistencia y [&hellip;]<\/p>\n","protected":false},"author":309,"featured_media":66924,"comment_status":"closed","ping_status":"closed","sticky":false,"template":"","format":"standard","meta":{"_acf_changed":false,"rank_math_lock_modified_date":false,"footnotes":""},"categories":[17,19,2033,1191],"tags":[5338,572,2562],"class_list":{"0":"post-66921","1":"post","2":"type-post","3":"status-publish","4":"format-standard","5":"has-post-thumbnail","7":"category-actualidad","8":"category-competiciones","9":"category-sport","10":"category-triatlon","11":"tag-documental","12":"tag-duatlon","13":"tag-emilio-martin"},"acf":[],"_links":{"self":[{"href":"https:\/\/miurltemporal.com/main/triatletasenred.sport.es\/wp-json\/wp\/v2\/posts\/66921"}],"collection":[{"href":"https:\/\/miurltemporal.com/main/triatletasenred.sport.es\/wp-json\/wp\/v2\/posts"}],"about":[{"href":"https:\/\/miurltemporal.com/main/triatletasenred.sport.es\/wp-json\/wp\/v2\/types\/post"}],"author":[{"embeddable":true,"href":"https:\/\/miurltemporal.com/main/triatletasenred.sport.es\/wp-json\/wp\/v2\/users\/309"}],"replies":[{"embeddable":true,"href":"https:\/\/miurltemporal.com/main/triatletasenred.sport.es\/wp-json\/wp\/v2\/comments?post=66921"}],"version-history":[{"count":0,"href":"https:\/\/miurltemporal.com/main/triatletasenred.sport.es\/wp-json\/wp\/v2\/posts\/66921\/revisions"}],"wp:featuredmedia":[{"embeddable":true,"href":"https:\/\/miurltemporal.com/main/triatletasenred.sport.es\/wp-json\/wp\/v2\/media\/66924"}],"wp:attachment":[{"href":"https:\/\/miurltemporal.com/main/triatletasenred.sport.es\/wp-json\/wp\/v2\/media?parent=66921"}],"wp:term":[{"taxonomy":"category","embeddable":true,"href":"https:\/\/miurltemporal.com/main/triatletasenred.sport.es\/wp-json\/wp\/v2\/categories?post=66921"},{"taxonomy":"post_tag","embeddable":true,"href":"https:\/\/miurltemporal.com/main/triatletasenred.sport.es\/wp-json\/wp\/v2\/tags?post=66921"}],"curies":[{"name":"wp","href":"https:\/\/api.w.org\/{rel}","templated":true}]}}