{"id":66654,"date":"2020-02-18T07:00:29","date_gmt":"2020-02-18T06:00:29","guid":{"rendered":"https:\/\/miurltemporal.com/main/triatletasenred.sport.es\/?p=66654"},"modified":"2020-02-18T03:14:00","modified_gmt":"2020-02-18T02:14:00","slug":"cameron-wurf-volvera-a-intentarlo-en-la-volta-ao-algarve","status":"publish","type":"post","link":"https:\/\/miurltemporal.com/main/triatletasenred.sport.es\/actualidad\/cameron-wurf-volvera-a-intentarlo-en-la-volta-ao-algarve\/","title":{"rendered":"Cameron Wurf volver\u00e1 a intentarlo en la Volta Ao Algarve"},"content":{"rendered":"<h3>Formar\u00e1 equipo junto a seis figuras del INEOS en su primera vuelta de 5 d\u00edas en Portugal<\/h3>\n<p><a href=\"https:\/\/www.canyon.com\/es\/triathlon\/?utm_campaign=Speedmax-ES-Mar-2019&amp;utm_medium=display&amp;utm_source=triatletasenred\" rel=\"nofollow noopener\" target=\"_blank\"><img fetchpriority=\"high\" decoding=\"async\" class=\"aligncenter size-full wp-image-61181\" src=\"https:\/\/miurltemporal.com/main/triatletasenred.sport.es\/wp-content\/uploads\/Banner_Canyon_Speedmax_ES_1000x160px.gif\" alt=\"\" width=\"1000\" height=\"160\" \/><\/a><\/p>\n<p><strong>Wurf<\/strong> no est\u00e1 dispuesto a que nadie ponga en entredicho su potencial ciclista, y a pesar de su <a href=\"https:\/\/miurltemporal.com/main/triatletasenred.sport.es\/actualidad\/la-paliza-de-wurf-despues-de-su-dnf-en-su-estreno\/\">desafortunado estreno<\/a> en Australia, estar\u00e1 en la l\u00ednea de salida de una de las pruebas con m\u00e1s nivel del calendario ITU, la Volta Ao Algarve.<\/p>\n<p>La alineaci\u00f3n del equipo brit\u00e1nico es casi de gala, con <strong>Rohan Dennis,<\/strong> flamante fichaje del <em>team\u00a0<\/em>y Campe\u00f3n del Mundo de Contrarreloj, <b>Micha\u0142 Kwiatkowski,\u00a0<\/b><strong>Luke Rowe, Ben Swift, Geirant Thomas y Dylan van Baarle,\u00a0<\/strong>todos ellos buenos amigos del triatleta, que ha aprovechado para sumar buenos entrenos en Andorra junto a algunos de estos cracks.<\/p>\n<p>La Volta Ao Algarve sirve como primera toma de contacto para los ciclistas que buscar\u00e1n un buen rendimiento en las &#8216;Cl\u00e1sicas de Primavera&#8217; y el Giro de Italia.<\/p>\n<p><strong><img decoding=\"async\" class=\"aligncenter wp-image-66656\" src=\"https:\/\/miurltemporal.com/main/triatletasenred.sport.es\/wp-content\/uploads\/Captura-de-Pantalla-2020-02-17-a-les-20.28.39-1024x730.png\" alt=\"\" width=\"449\" height=\"320\" srcset=\"https:\/\/miurltemporal.com/main/triatletasenred.sport.es\/wp-content\/uploads\/Captura-de-Pantalla-2020-02-17-a-les-20.28.39-1024x730.png 1024w, https:\/\/miurltemporal.com/main/triatletasenred.sport.es\/wp-content\/uploads\/Captura-de-Pantalla-2020-02-17-a-les-20.28.39-700x499.png 700w, https:\/\/miurltemporal.com/main/triatletasenred.sport.es\/wp-content\/uploads\/Captura-de-Pantalla-2020-02-17-a-les-20.28.39-300x214.png 300w, https:\/\/miurltemporal.com/main/triatletasenred.sport.es\/wp-content\/uploads\/Captura-de-Pantalla-2020-02-17-a-les-20.28.39-768x547.png 768w, https:\/\/miurltemporal.com/main/triatletasenred.sport.es\/wp-content\/uploads\/Captura-de-Pantalla-2020-02-17-a-les-20.28.39-640x456.png 640w, https:\/\/miurltemporal.com/main/triatletasenred.sport.es\/wp-content\/uploads\/Captura-de-Pantalla-2020-02-17-a-les-20.28.39.png 1184w\" sizes=\"(max-width: 449px) 100vw, 449px\" \/><\/strong><\/p>\n<p style=\"text-align: center;\"><em><strong>Wurf,<\/strong> en el lateral izquierdo de la foto, tirando en cabeza en su debut UCI<\/em><\/p>\n<hr \/>\n<p>Aunque el australiano est\u00e9 sumando muchos kil\u00f3metros de calidad sobre las dos ruedas, el volumen a pie no se est\u00e1 viendo mermado, ya que seg\u00fan datos de su Strava, en \u00faltimo mes, est\u00e1 sumando m\u00e1s de 80 kil\u00f3metros a la semana.<\/p>\n<p>Por lo que respeta a la nataci\u00f3n, s\u00ed que ha quedado en segundo plano, ya que las sesiones de <strong>Wurf<\/strong> no llegan a superar los 3000 metros y el total semanal se queda en menos de 4h. El trabajo que realiza en la piscina va m\u00e1s enfocado a no perder el gesto t\u00e9cnico y la sensibilizaci\u00f3n acu\u00e1tica, m\u00e1s que a construir su base aer\u00f3bica para las carreras.<\/p>\n<p>Recordamos que <strong>Wurf<\/strong> es un deportista que escoge muy bien las carreras en las que pretende verse en posiciones delanteras, de manera que se quita presi\u00f3n el resto de la temporada para afrontar grandes bloques de entrenamiento con algunas competiciones para romper la monoton\u00eda y &#8216;testear el motor&#8217;.<\/p>\n","protected":false},"excerpt":{"rendered":"<p>Formar\u00e1 equipo junto a seis figuras del INEOS en su primera vuelta de 5 d\u00edas en Portugal Wurf no est\u00e1 dispuesto a que nadie ponga en entredicho su potencial ciclista, y a pesar de su desafortunado estreno en Australia, estar\u00e1 en la l\u00ednea de salida de una de las pruebas con m\u00e1s nivel del calendario [&hellip;]<\/p>\n","protected":false},"author":309,"featured_media":66655,"comment_status":"closed","ping_status":"closed","sticky":false,"template":"","format":"standard","meta":{"_acf_changed":false,"rank_math_lock_modified_date":false,"footnotes":""},"categories":[17,2033],"tags":[6184,7631],"class_list":{"0":"post-66654","1":"post","2":"type-post","3":"status-publish","4":"format-standard","5":"has-post-thumbnail","7":"category-actualidad","8":"category-sport","9":"tag-cameron-wurf","10":"tag-volta-ao-algarve"},"acf":[],"_links":{"self":[{"href":"https:\/\/miurltemporal.com/main/triatletasenred.sport.es\/wp-json\/wp\/v2\/posts\/66654"}],"collection":[{"href":"https:\/\/miurltemporal.com/main/triatletasenred.sport.es\/wp-json\/wp\/v2\/posts"}],"about":[{"href":"https:\/\/miurltemporal.com/main/triatletasenred.sport.es\/wp-json\/wp\/v2\/types\/post"}],"author":[{"embeddable":true,"href":"https:\/\/miurltemporal.com/main/triatletasenred.sport.es\/wp-json\/wp\/v2\/users\/309"}],"replies":[{"embeddable":true,"href":"https:\/\/miurltemporal.com/main/triatletasenred.sport.es\/wp-json\/wp\/v2\/comments?post=66654"}],"version-history":[{"count":0,"href":"https:\/\/miurltemporal.com/main/triatletasenred.sport.es\/wp-json\/wp\/v2\/posts\/66654\/revisions"}],"wp:featuredmedia":[{"embeddable":true,"href":"https:\/\/miurltemporal.com/main/triatletasenred.sport.es\/wp-json\/wp\/v2\/media\/66655"}],"wp:attachment":[{"href":"https:\/\/miurltemporal.com/main/triatletasenred.sport.es\/wp-json\/wp\/v2\/media?parent=66654"}],"wp:term":[{"taxonomy":"category","embeddable":true,"href":"https:\/\/miurltemporal.com/main/triatletasenred.sport.es\/wp-json\/wp\/v2\/categories?post=66654"},{"taxonomy":"post_tag","embeddable":true,"href":"https:\/\/miurltemporal.com/main/triatletasenred.sport.es\/wp-json\/wp\/v2\/tags?post=66654"}],"curies":[{"name":"wp","href":"https:\/\/api.w.org\/{rel}","templated":true}]}}