{"id":66476,"date":"2020-02-06T07:01:58","date_gmt":"2020-02-06T06:01:58","guid":{"rendered":"https:\/\/miurltemporal.com/main/triatletasenred.sport.es\/?p=66476"},"modified":"2020-02-06T04:31:37","modified_gmt":"2020-02-06T03:31:37","slug":"pello-osoro-y-rafael-solis-nuestros-representantes-en-el-mundial-de-asiago","status":"publish","type":"post","link":"https:\/\/miurltemporal.com/main/triatletasenred.sport.es\/actualidad\/pello-osoro-y-rafael-solis-nuestros-representantes-en-el-mundial-de-asiago\/","title":{"rendered":"Pello Osoro y Rafael Sol\u00eds nuestros representantes en el Mundial de Asiago"},"content":{"rendered":"<header class=\"entry-header\"><\/header>\n<div class=\"entry-content-wrapper\">\n<div class=\"entry-content\">\n<h3>La localidad italiana acoger\u00e1 el Campeonato del Mundo de Triatl\u00f3n de Invierno<\/h3>\n<p><a href=\"https:\/\/www.finisher.es\" rel=\"nofollow noopener\" target=\"_blank\"><img fetchpriority=\"high\" decoding=\"async\" class=\"aligncenter size-full wp-image-65225\" src=\"https:\/\/miurltemporal.com/main/triatletasenred.sport.es\/wp-content\/uploads\/banner_finisher_articles.gif\" alt=\"\" width=\"700\" height=\"150\" \/><\/a><\/p>\n<p>El eibarr\u00e9s <strong>Pello Osoro\u00a0<\/strong>ser\u00e1 nuestra gran baza en una prueba d\u00f3nde tiene opciones serias, si las molestias que lo han apartado del entrenamiento estas \u00faltimas semanas, no le repercuten en exceso en el momento de abrir gas.<\/p>\n<p>Su actuaci\u00f3n en la Copa del Mundo de Harbin se vio perjudicada por las bajas temperaturas de la jornada, que aguaron las posiblidades de Osoro de meterse entre los mejores del mundo.<\/p>\n<p>Desafortunadamente, el polifac\u00e9tico triatleta arrastra una lesi\u00f3n en la rodilla que no le ha permitido de sumar kil\u00f3metros de carrera, y ha mermado el volumen en bici.<\/p>\n<p>A\u00fan as\u00ed, Pello conoce la prueba del a\u00f1o pasado, d\u00f3nde fue Top 15, y como \u00e9l mismo asegura en su blog, conf\u00eda en que &#8221;el doctor dorsal act\u00fae y me permita hacer una buena carrera&#8221;.<\/p>\n<hr \/>\n<p>Se espera que el vigente Campe\u00f3n del Mundo, <strong>Pavel Andreev,<\/strong> junto a los tambi\u00e9n rusos <strong>Yakimov, <\/strong>podio en Harbin,<strong>\u00a0<\/strong>y <strong>Bregeda,\u00a0<\/strong>rompan la carrera desde el principio, c\u00f3mo ya hicieron en la prueba asi\u00e1tica.<\/p>\n<p>Los italianos <strong>Antonioli<\/strong> y <strong>Lamastra,\u00a0<\/strong>se vieron beneficiados en Harbin de los problemas de fr\u00edo que sufri\u00f3 <strong>Pello,<\/strong> veremos si el factor local les a\u00fapa a posiciones m\u00e1s destacadas, o si <strong>Osoro<\/strong> les bate esta vez.<\/p>\n<p><strong>Jes\u00fas Alberto Garc\u00eda<\/strong>, podio en el Campeonato de Espa\u00f1a de 2018 y internacional en repetidas ocasiones, tambi\u00e9n estar\u00e1 en la prueba.<\/p>\n<hr \/>\n<p>El paratriatleta <strong>Rafael Sol\u00eds,<\/strong> participar\u00e1 en PTS5 con opciones de revalidar el t\u00edtulo mundial que ya consigui\u00f3 en 2016. Desde entonces ha cosechado \u00e9xitos que lo colocan como uno de los mejores deportistas de Europa en m\u00faltiples disciplinas, desde el triatl\u00f3n cross hasta la larga distancia.<\/p>\n<p>&nbsp;<\/p>\n<\/div>\n<\/div>\n","protected":false},"excerpt":{"rendered":"<p>La localidad italiana acoger\u00e1 el Campeonato del Mundo de Triatl\u00f3n de Invierno El eibarr\u00e9s Pello Osoro\u00a0ser\u00e1 nuestra gran baza en una prueba d\u00f3nde tiene opciones serias, si las molestias que lo han apartado del entrenamiento estas \u00faltimas semanas, no le repercuten en exceso en el momento de abrir gas. Su actuaci\u00f3n en la Copa del [&hellip;]<\/p>\n","protected":false},"author":309,"featured_media":66482,"comment_status":"closed","ping_status":"closed","sticky":false,"template":"","format":"standard","meta":{"_acf_changed":false,"rank_math_lock_modified_date":false,"footnotes":""},"categories":[17,19,2033],"tags":[7602,7601,7603,6039,4214],"class_list":{"0":"post-66476","1":"post","2":"type-post","3":"status-publish","4":"format-standard","5":"has-post-thumbnail","7":"category-actualidad","8":"category-competiciones","9":"category-sport","10":"tag-jesus-alberto-garcia","11":"tag-mundial-triatlon-de-invierno","12":"tag-paveel","13":"tag-pello-osoro","14":"tag-rafael-solis"},"acf":[],"_links":{"self":[{"href":"https:\/\/miurltemporal.com/main/triatletasenred.sport.es\/wp-json\/wp\/v2\/posts\/66476"}],"collection":[{"href":"https:\/\/miurltemporal.com/main/triatletasenred.sport.es\/wp-json\/wp\/v2\/posts"}],"about":[{"href":"https:\/\/miurltemporal.com/main/triatletasenred.sport.es\/wp-json\/wp\/v2\/types\/post"}],"author":[{"embeddable":true,"href":"https:\/\/miurltemporal.com/main/triatletasenred.sport.es\/wp-json\/wp\/v2\/users\/309"}],"replies":[{"embeddable":true,"href":"https:\/\/miurltemporal.com/main/triatletasenred.sport.es\/wp-json\/wp\/v2\/comments?post=66476"}],"version-history":[{"count":0,"href":"https:\/\/miurltemporal.com/main/triatletasenred.sport.es\/wp-json\/wp\/v2\/posts\/66476\/revisions"}],"wp:featuredmedia":[{"embeddable":true,"href":"https:\/\/miurltemporal.com/main/triatletasenred.sport.es\/wp-json\/wp\/v2\/media\/66482"}],"wp:attachment":[{"href":"https:\/\/miurltemporal.com/main/triatletasenred.sport.es\/wp-json\/wp\/v2\/media?parent=66476"}],"wp:term":[{"taxonomy":"category","embeddable":true,"href":"https:\/\/miurltemporal.com/main/triatletasenred.sport.es\/wp-json\/wp\/v2\/categories?post=66476"},{"taxonomy":"post_tag","embeddable":true,"href":"https:\/\/miurltemporal.com/main/triatletasenred.sport.es\/wp-json\/wp\/v2\/tags?post=66476"}],"curies":[{"name":"wp","href":"https:\/\/api.w.org\/{rel}","templated":true}]}}