{"id":6644,"date":"2012-12-12T05:59:51","date_gmt":"2012-12-12T05:59:51","guid":{"rendered":"http:\/\/triatletasenred.com\/?p=6644"},"modified":"2012-12-13T21:50:19","modified_gmt":"2012-12-13T21:50:19","slug":"cronica-de-la-media-de-ardenya","status":"publish","type":"post","link":"https:\/\/miurltemporal.com/main/triatletasenred.sport.es\/competiciones\/cronica-de-la-media-de-ardenya\/","title":{"rendered":"Cr\u00f3nica de la media de Ardenya"},"content":{"rendered":"<h4 style=\"text-align: justify;\">El pasado d\u00eda 8 de diciembre tuvo lugar una de la cursas de monta\u00f1a que con tan solo 3 ediciones se esta convirtiendo en referente de esta modalidad.<\/h4>\n<p style=\"text-align: justify;\"><img decoding=\"async\" class=\"alignleft\" title=\"ardenya\" src=\"https:\/\/dl.dropbox.com\/u\/3879676\/triATLETAS\/imatges\/competis\/ardenya\/image018.jpg\" alt=\"\" width=\"169\" height=\"227\" \/>Este a\u00f1o adem\u00e1s incorporaba una nueva distancia 63km ,con lo que empiezan a acercarse a la \u00a0delegada l\u00ednea de la ultra distancia, aunque siguen estando activas las tres distancias de ediciones anteriores,42km, 21km y los 10km,como veis muy variadas y dando cabida tanto a iniciados como a expertos de esta modalidad.<\/p>\n<p style=\"text-align: justify;\">Con salida situada en Santa Cristina de Aro de f\u00e1cil acceso \u00a0por carretera y de una organizaci\u00f3n a la altura de grandes eventos ,con un reparto de \u00a0dorsales situado en el pabell\u00f3n de dicha localidad ,parking bien se\u00f1alizado para todos los participantes y destacando por encima de todo la colaboraci\u00f3n solidaria de la organizaci\u00f3n donando 1 euro de cada inscripci\u00f3n a la Marat\u00f3 de tv3.<\/p>\n<p><img decoding=\"async\" class=\"alignright\" style=\"text-align: justify;\" title=\"Ardenya2\" src=\"https:\/\/dl.dropbox.com\/u\/3879676\/triATLETAS\/imatges\/competis\/ardenya\/image016.jpg\" alt=\"\" width=\"151\" height=\"227\" \/><\/p>\n<p style=\"text-align: justify;\">La cursa en si consta de un circuito muy variado y divertido ,mezclando zonas f\u00e1ciles con otras de trialeras t\u00e9cnicas as\u00ed como alguna zona de escalada, estas \u00faltimas si que representan un \u201cpero\u201d dentro del evento ya que provocaron algunos tapones por la\u00a0acumulaci\u00f3n de participantes, paisajes espectaculares y unos avituallamientos que podr\u00edamos catalogar de aceptables si bien se podr\u00edan mejorar algunos aspectos del mismo.<\/p>\n<p style=\"text-align: justify;\">A la llegada si que pod\u00edamos encontrar variedad de productos con los que recuperar todas las calor\u00edas perdidas.<\/p>\n<p style=\"text-align: justify;\">Por lo tanto estamos ante una cursa muy a tener en cuenta y con muchas posibilidades de repetir en un futuro.<\/p>\n<p style=\"text-align: justify;\">Con Carles Cirera, Ferr\u00e1n Domenech y Joan Recasens<\/p>\n","protected":false},"excerpt":{"rendered":"<p>El pasado d\u00eda 8 de diciembre tuvo lugar una de la cursas de monta\u00f1a que con tan solo 3 ediciones se esta convirtiendo en referente de esta modalidad. Este a\u00f1o adem\u00e1s incorporaba una nueva distancia 63km ,con lo que empiezan a acercarse a la \u00a0delegada l\u00ednea de la ultra distancia, aunque siguen estando activas las [&hellip;]<\/p>\n","protected":false},"author":6,"featured_media":6645,"comment_status":"closed","ping_status":"open","sticky":false,"template":"","format":"standard","meta":{"_acf_changed":false,"rank_math_lock_modified_date":false,"footnotes":""},"categories":[19],"tags":[420,102],"class_list":{"0":"post-6644","1":"post","2":"type-post","3":"status-publish","4":"format-standard","5":"has-post-thumbnail","7":"category-competiciones","8":"tag-media-ardenya","9":"tag-trail"},"acf":[],"_links":{"self":[{"href":"https:\/\/miurltemporal.com/main/triatletasenred.sport.es\/wp-json\/wp\/v2\/posts\/6644"}],"collection":[{"href":"https:\/\/miurltemporal.com/main/triatletasenred.sport.es\/wp-json\/wp\/v2\/posts"}],"about":[{"href":"https:\/\/miurltemporal.com/main/triatletasenred.sport.es\/wp-json\/wp\/v2\/types\/post"}],"author":[{"embeddable":true,"href":"https:\/\/miurltemporal.com/main/triatletasenred.sport.es\/wp-json\/wp\/v2\/users\/6"}],"replies":[{"embeddable":true,"href":"https:\/\/miurltemporal.com/main/triatletasenred.sport.es\/wp-json\/wp\/v2\/comments?post=6644"}],"version-history":[{"count":0,"href":"https:\/\/miurltemporal.com/main/triatletasenred.sport.es\/wp-json\/wp\/v2\/posts\/6644\/revisions"}],"wp:featuredmedia":[{"embeddable":true,"href":"https:\/\/miurltemporal.com/main/triatletasenred.sport.es\/wp-json\/wp\/v2\/media\/6645"}],"wp:attachment":[{"href":"https:\/\/miurltemporal.com/main/triatletasenred.sport.es\/wp-json\/wp\/v2\/media?parent=6644"}],"wp:term":[{"taxonomy":"category","embeddable":true,"href":"https:\/\/miurltemporal.com/main/triatletasenred.sport.es\/wp-json\/wp\/v2\/categories?post=6644"},{"taxonomy":"post_tag","embeddable":true,"href":"https:\/\/miurltemporal.com/main/triatletasenred.sport.es\/wp-json\/wp\/v2\/tags?post=6644"}],"curies":[{"name":"wp","href":"https:\/\/api.w.org\/{rel}","templated":true}]}}