{"id":66410,"date":"2020-02-03T07:01:29","date_gmt":"2020-02-03T06:01:29","guid":{"rendered":"https:\/\/miurltemporal.com/main/triatletasenred.sport.es\/?p=66410"},"modified":"2020-02-03T15:50:30","modified_gmt":"2020-02-03T14:50:30","slug":"la-paliza-de-wurf-despues-de-su-dnf-en-su-estreno","status":"publish","type":"post","link":"https:\/\/miurltemporal.com/main/triatletasenred.sport.es\/actualidad\/la-paliza-de-wurf-despues-de-su-dnf-en-su-estreno\/","title":{"rendered":"La &#8216;paliza&#8217; de Wurf despu\u00e9s de su DNF en su estreno"},"content":{"rendered":"<h3>Cameron Wurf no defrauda ni con una retirada. Despu\u00e9s de no acabar una prueba de exhibici\u00f3n en Australia, vuelve corriendo 30km hasta el hotel<\/h3>\n<p><a href=\"https:\/\/www.canyon.com\/es\/triathlon\/?utm_campaign=Speedmax-ES-Mar-2019&amp;utm_medium=display&amp;utm_source=triatletasenred\" rel=\"nofollow noopener\" target=\"_blank\"><img fetchpriority=\"high\" decoding=\"async\" class=\"aligncenter size-full wp-image-61181\" src=\"https:\/\/miurltemporal.com/main/triatletasenred.sport.es\/wp-content\/uploads\/Banner_Canyon_Speedmax_ES_1000x160px.gif\" alt=\"\" width=\"1000\" height=\"160\" \/><\/a><\/p>\n<p>El <em>aussie\u00a0<\/em>escogi\u00f3 la <strong>Cadel Evans Great Ocean Road Race, <\/strong>una prueba de test para la mayor\u00eda de ciclistas que correr\u00e1n las primeras citas del calendario UCI &#8211; como las cl\u00e1sicas &#8211; para estrenarse con el INEOS.<\/p>\n<p>La carrera, que lleva el nombre en honor al doble ganador del Tour de Francia, se disputa bajo una distancia de 171km en la localidad de Geelong.<\/p>\n<hr \/>\n<p>A juzgar por el volumen de su Strava, <strong>Wurf<\/strong> no se encontraba en una semana de m\u00e1ximo volumen,\u00a0 por lo que suponemos que esperaba de si un mejor rendimiento en su vuelta a la m\u00e1xima disciplina del ciclismo de carretera, de donde procede.<\/p>\n<p>Las cosas se torcieron para Cameron cuando tuvo que retirarse al paso por la segunda vuelta de cuatro que los ciclistas deb\u00edan completar dentro de un trazado urbano, para completar el total de kil\u00f3metros.<\/p>\n<p>De hecho, el triatleta se solt\u00f3 del pelot\u00f3n justo llegar a la localidad australiana, y complet\u00f3 lo que quedaba de vuelta hasta llegar a las diligencias de su millonario equipo.<\/p>\n<hr \/>\n<p>No contento con la &#8216;le\u00f1a&#8217; que se hab\u00eda dado durante m\u00e1s de 3h40&#8242; de sufrimiento, <strong>Wurf<\/strong> ten\u00eda que sacarse la espinita de alg\u00fan modo. A falta de saber sus datos de potencia, sus n\u00fameros de pulso parecen ser bastante altos, con lo que estimamos que Wurf se pas\u00f3 m\u00e1s de la mitad de la carrera muy por encima de sus umbrales).<\/p>\n<p>El men\u00fa post-carrera fue simple, 28km del tir\u00f3n a 4&#8217;\/km, para cerrar un d\u00eda de m\u00e1s de 7 horas en el asfalto, entre las dos sesiones. El mismo <strong>Richie Porte<\/strong> le comentaba &#8221;Est\u00e1s loco&#8221;, en una actividad que Cameron titul\u00f3 como <a href=\"https:\/\/www.strava.com\/activities\/3064044465\/overview\" rel=\"nofollow noopener\" target=\"_blank\">&#8221;Castigo por mi DNF&#8221;.<\/a><\/p>\n<p>Enormidades de tal tipo son por las que se conoce al australiano, que parece que comparte denominador com\u00fan con triatletas como <strong>Sanders,\u00a0<\/strong>del que tambi\u00e9n podr\u00edamos esperar un titular como el de esta entrada.<\/p>\n<hr \/>\n<p>Veremos cu\u00e1l ser\u00e1 el pr\u00f3ximo asalto de <strong>Wurf\u00a0<\/strong>sobre los pedales, y c\u00f3mo rendir\u00e1 despu\u00e9s de que en su primera toma de contacto haya sufrido una calurosa oleada de realidad.<\/p>\n<p>Para m\u00e1s detalle de su primera carrera, <a href=\"https:\/\/www.strava.com\/activities\/3063878237\/overview\" rel=\"nofollow noopener\" target=\"_blank\">click aqu\u00ed<\/a><\/p>\n<p><img decoding=\"async\" class=\"aligncenter\" src=\"https:\/\/media.gettyimages.com\/photos\/cameron-wurf-of-new-zealand-and-team-ineos-pavel-sivakov-of-france-picture-id1203494721\" alt=\"Resultat d'imatges per a &quot;cameron wurf&quot;&quot;\" width=\"558\" height=\"372\" \/><\/p>\n","protected":false},"excerpt":{"rendered":"<p>Cameron Wurf no defrauda ni con una retirada. Despu\u00e9s de no acabar una prueba de exhibici\u00f3n en Australia, vuelve corriendo 30km hasta el hotel El aussie\u00a0escogi\u00f3 la Cadel Evans Great Ocean Road Race, una prueba de test para la mayor\u00eda de ciclistas que correr\u00e1n las primeras citas del calendario UCI &#8211; como las cl\u00e1sicas &#8211; [&hellip;]<\/p>\n","protected":false},"author":309,"featured_media":66418,"comment_status":"closed","ping_status":"closed","sticky":false,"template":"","format":"standard","meta":{"_acf_changed":false,"rank_math_lock_modified_date":false,"footnotes":""},"categories":[17,16,2033],"tags":[6184,111,867,6710],"class_list":{"0":"post-66410","1":"post","2":"type-post","3":"status-publish","4":"format-standard","5":"has-post-thumbnail","7":"category-actualidad","8":"category-en-red","9":"category-sport","10":"tag-cameron-wurf","11":"tag-ciclismo","12":"tag-dnf","13":"tag-ineos"},"acf":[],"_links":{"self":[{"href":"https:\/\/miurltemporal.com/main/triatletasenred.sport.es\/wp-json\/wp\/v2\/posts\/66410"}],"collection":[{"href":"https:\/\/miurltemporal.com/main/triatletasenred.sport.es\/wp-json\/wp\/v2\/posts"}],"about":[{"href":"https:\/\/miurltemporal.com/main/triatletasenred.sport.es\/wp-json\/wp\/v2\/types\/post"}],"author":[{"embeddable":true,"href":"https:\/\/miurltemporal.com/main/triatletasenred.sport.es\/wp-json\/wp\/v2\/users\/309"}],"replies":[{"embeddable":true,"href":"https:\/\/miurltemporal.com/main/triatletasenred.sport.es\/wp-json\/wp\/v2\/comments?post=66410"}],"version-history":[{"count":0,"href":"https:\/\/miurltemporal.com/main/triatletasenred.sport.es\/wp-json\/wp\/v2\/posts\/66410\/revisions"}],"wp:featuredmedia":[{"embeddable":true,"href":"https:\/\/miurltemporal.com/main/triatletasenred.sport.es\/wp-json\/wp\/v2\/media\/66418"}],"wp:attachment":[{"href":"https:\/\/miurltemporal.com/main/triatletasenred.sport.es\/wp-json\/wp\/v2\/media?parent=66410"}],"wp:term":[{"taxonomy":"category","embeddable":true,"href":"https:\/\/miurltemporal.com/main/triatletasenred.sport.es\/wp-json\/wp\/v2\/categories?post=66410"},{"taxonomy":"post_tag","embeddable":true,"href":"https:\/\/miurltemporal.com/main/triatletasenred.sport.es\/wp-json\/wp\/v2\/tags?post=66410"}],"curies":[{"name":"wp","href":"https:\/\/api.w.org\/{rel}","templated":true}]}}