{"id":66299,"date":"2020-01-27T04:01:08","date_gmt":"2020-01-27T03:01:08","guid":{"rendered":"https:\/\/miurltemporal.com/main/triatletasenred.sport.es\/?p=66299"},"modified":"2020-01-28T12:29:32","modified_gmt":"2020-01-28T11:29:32","slug":"duatloelpratresultados","status":"publish","type":"post","link":"https:\/\/miurltemporal.com/main/triatletasenred.sport.es\/actualidad\/duatloelpratresultados\/","title":{"rendered":"El triatl\u00f3n catal\u00e1n viste de gala para El Duatl\u00f3n de El Prat 2020"},"content":{"rendered":"<h3 style=\"text-align: justify;\">La tradicional prueba organizada por el Prat Triatl\u00f3 se va a celebrar este domingo d\u00eda 2 con varios aspirantes a la victoria<\/h3>\n<p style=\"text-align: justify;\"><\/a><\/p>\n<p style=\"text-align: justify;\">El Campeonato de Catalunya de Duatl\u00f3n por Equipos &#8211; A su vez 2\u00aa prueba puntuable para la liga catalana de duatl\u00f3n- llega otra vez, ya con los galones de cl\u00e1sico del calendario en tierras catalanas, a la vez que lo hace su formato Open.<\/p>\n<p style=\"text-align: justify;\">En ambos eventos, los clubes se ponen sus mejores galas para celebrar la fiesta del duatl\u00f3n en El Prat a la par que ponen a prueba sus motores a reacci\u00f3n en una prueba que junta diversi\u00f3n y t\u00e1ctica a raudales.<\/p>\n<p style=\"text-align: justify;\">Formaciones de hasta 6 duatletas toman la salida de forma escalonada con un minuto de diferencia entre ellos, dado que el formato de la carrera es contrarreloj. Ser\u00e1n los\/las 4 duatletas m\u00e1s r\u00e1pidos\/as &#8211; 3 en categor\u00eda OPEN- \u00a0quienes marcar\u00e1n el tiempo final del equipo, con el que se establecer\u00e1 una clasificaci\u00f3n final para conocer qui\u00e9n se lleva el cetro catal\u00e1n por equipos.<\/p>\n<hr \/>\n<figure id=\"attachment_49804\" aria-describedby=\"caption-attachment-49804\" style=\"width: 240px\" class=\"wp-caption alignleft\"><img decoding=\"async\" class=\" wp-image-49804\" src=\"https:\/\/miurltemporal.com/main/triatletasenred.sport.es\/wp-content\/uploads\/dobano-richard-300x201.jpg\" alt=\"\" width=\"240\" height=\"161\" srcset=\"https:\/\/miurltemporal.com/main/triatletasenred.sport.es\/wp-content\/uploads\/dobano-richard-300x201.jpg 300w, https:\/\/miurltemporal.com/main/triatletasenred.sport.es\/wp-content\/uploads\/dobano-richard-700x468.jpg 700w, https:\/\/miurltemporal.com/main/triatletasenred.sport.es\/wp-content\/uploads\/dobano-richard-696x465.jpg 696w, https:\/\/miurltemporal.com/main/triatletasenred.sport.es\/wp-content\/uploads\/dobano-richard-628x420.jpg 628w, https:\/\/miurltemporal.com/main/triatletasenred.sport.es\/wp-content\/uploads\/dobano-richard-600x401.jpg 600w, https:\/\/miurltemporal.com/main/triatletasenred.sport.es\/wp-content\/uploads\/dobano-richard-80x53.jpg 80w, https:\/\/miurltemporal.com/main/triatletasenred.sport.es\/wp-content\/uploads\/dobano-richard.jpg 760w\" sizes=\"(max-width: 240px) 100vw, 240px\" \/><figcaption id=\"caption-attachment-49804\" class=\"wp-caption-text\">Victor Doba\u00f1o<\/figcaption><\/figure>\n<p style=\"text-align: justify;\">Victor Doba\u00f1o, reponsable de El Prat Triatl\u00f3, nos comenta que : &#8220;<em><strong>El fin de las obras del contorno del Parc Nou, va a significar una mejora por lo que respeta a la log\u00edstica de las transiciones y al disfrute del p\u00fablico, ya que con la remodelaci\u00f3n de la zona, el parque ha quedado m\u00e1s abierto. Eso conlleva que el espectador va a presenciar a la vez del show que nos ofrecer\u00e1n todos los equipos que se batir\u00e1n este primer fin de semana de febrero&#8221;<\/strong><\/em>.<\/p>\n<p style=\"text-align: justify;\">Un a\u00f1o m\u00e1s la organizaci\u00f3n asume la licencia de d\u00eda a de aquellos equipos no federados que quieran vivir esa primera experiencia en conjunto en la categor\u00eda OPEN.<\/p>\n<hr \/>\n<p style=\"text-align: justify;\">En categor\u00eda masculina, los favoritos a la victoria para Doba\u00f1o son los ya habituales <strong>Fasttriatlon<\/strong> &#8211; <strong>CN<\/strong>\u00a0<strong>Montju\u00efc, CET Distance<\/strong> y el propio <strong>Prat Triatl\u00f3 1994, <\/strong>que van a luchar por una prueba que habitualmente se decide por cuesti\u00f3n de segundos.<\/p>\n<p style=\"text-align: justify;\">En categor\u00eda femenina, repiten como favoritos <strong>Prat<\/strong> y <strong>Fasttriatlon,\u00a0<\/strong>y les sigue el <strong>C.E Katoa Barcelona,<\/strong> que fueron las vencedoras de la pasada edici\u00f3n.<\/p>\n<p style=\"text-align: justify;\">En ambos casos, la contienda servir\u00e1 como pre\u00e1mbulo para la carrera hom\u00f3nima de la FETRI que se disputar\u00e1 el 18 de abril en Avil\u00e9s.<\/p>\n","protected":false},"excerpt":{"rendered":"<p>La tradicional prueba organizada por el Prat Triatl\u00f3 se va a celebrar este domingo d\u00eda 2 con varios aspirantes a la victoria El Campeonato de Catalunya de Duatl\u00f3n por Equipos &#8211; A su vez 2\u00aa prueba puntuable para la liga catalana de duatl\u00f3n- llega otra vez, ya con los galones de cl\u00e1sico del calendario en [&hellip;]<\/p>\n","protected":false},"author":309,"featured_media":57126,"comment_status":"closed","ping_status":"closed","sticky":false,"template":"","format":"standard","meta":{"_acf_changed":false,"rank_math_lock_modified_date":false,"footnotes":""},"categories":[17,19,1191],"tags":[7573],"class_list":{"0":"post-66299","1":"post","2":"type-post","3":"status-publish","4":"format-standard","5":"has-post-thumbnail","7":"category-actualidad","8":"category-competiciones","9":"category-triatlon","10":"tag-duatlon-equipos-prat"},"acf":[],"_links":{"self":[{"href":"https:\/\/miurltemporal.com/main/triatletasenred.sport.es\/wp-json\/wp\/v2\/posts\/66299"}],"collection":[{"href":"https:\/\/miurltemporal.com/main/triatletasenred.sport.es\/wp-json\/wp\/v2\/posts"}],"about":[{"href":"https:\/\/miurltemporal.com/main/triatletasenred.sport.es\/wp-json\/wp\/v2\/types\/post"}],"author":[{"embeddable":true,"href":"https:\/\/miurltemporal.com/main/triatletasenred.sport.es\/wp-json\/wp\/v2\/users\/309"}],"replies":[{"embeddable":true,"href":"https:\/\/miurltemporal.com/main/triatletasenred.sport.es\/wp-json\/wp\/v2\/comments?post=66299"}],"version-history":[{"count":0,"href":"https:\/\/miurltemporal.com/main/triatletasenred.sport.es\/wp-json\/wp\/v2\/posts\/66299\/revisions"}],"wp:featuredmedia":[{"embeddable":true,"href":"https:\/\/miurltemporal.com/main/triatletasenred.sport.es\/wp-json\/wp\/v2\/media\/57126"}],"wp:attachment":[{"href":"https:\/\/miurltemporal.com/main/triatletasenred.sport.es\/wp-json\/wp\/v2\/media?parent=66299"}],"wp:term":[{"taxonomy":"category","embeddable":true,"href":"https:\/\/miurltemporal.com/main/triatletasenred.sport.es\/wp-json\/wp\/v2\/categories?post=66299"},{"taxonomy":"post_tag","embeddable":true,"href":"https:\/\/miurltemporal.com/main/triatletasenred.sport.es\/wp-json\/wp\/v2\/tags?post=66299"}],"curies":[{"name":"wp","href":"https:\/\/api.w.org\/{rel}","templated":true}]}}