{"id":66293,"date":"2020-01-26T22:23:37","date_gmt":"2020-01-26T21:23:37","guid":{"rendered":"https:\/\/miurltemporal.com/main/triatletasenred.sport.es\/?p=66293"},"modified":"2020-01-26T22:30:15","modified_gmt":"2020-01-26T21:30:15","slug":"erik-merino-y-anna-rovira-se-imponen-en-el-duatlon-ciutat-de-granollers","status":"publish","type":"post","link":"https:\/\/miurltemporal.com/main/triatletasenred.sport.es\/actualidad\/erik-merino-y-anna-rovira-se-imponen-en-el-duatlon-ciutat-de-granollers\/","title":{"rendered":"Erik Merino y Anna Rovira se imponen en el Duatl\u00f3n Ciutat de Granollers"},"content":{"rendered":"<h3 style=\"text-align: justify;\">La boira de primera hora de la ma\u00f1ana dej\u00f3 paso a un espect\u00e1culo en el Circuito de Catalunya que dej\u00f3 a un lado la MotoGP y la F\u00f3rmula Uno para dar paso a otras &#8220;m\u00e1quinas&#8221;, los y las duatletas.<\/h3>\n<p style=\"text-align: justify;\"><\/a><\/p>\n<p style=\"text-align: justify;\"><strong>Erik Merino<\/strong> se impuso con claridad en la <strong>X Edici\u00f3n del Duatl\u00f3n Ciutat de Granollers<\/strong> dominando la carrera de principio a fin demostrando que a pesar de ser un hombre de distancias m\u00e1s largas, tambi\u00e9n puede estar a un gran nivel en estos eventos m\u00e1s explosivos. Merino cerr\u00f3 el crono en 53 minutos y 7 segundos, lo que supuso una ventaja de casi un minuto con sus perseguidores, <strong>Sergi Matas y Enric Tejedor.<\/strong><\/p>\n<p style=\"text-align: justify;\">En f\u00e9minas se impuso la veterana <strong>Anna Rovira<\/strong> que poco a poco vuelve a coger el tono a las competiciones. Rovira complet\u00f3 la prueba en 1 hora y 7 minutos mientras que casi 4 minutos entraba en meta, en segunda posici\u00f3n, <strong>Erika Robleda<\/strong>. El podio femenino lo cerraba<strong> Paula L\u00f3pez<\/strong>.<\/p>\n<p style=\"text-align: justify;\">En la categor\u00eda de equipos masculino, victoria para el conjunto barcelon\u00e9s del <strong>C.E. Prorunners<\/strong> acompa\u00f1ado en este podio por los hombres del Fisiorot Pujol y del Cerdanyola. En la categor\u00eda de f\u00e9minas se impuso el <strong>Fasttriatl\u00f3n-CN Montjuich<\/strong> seguido del <strong>CN Vich-ETB<\/strong> y de las chicas del conjunto local, el <strong>Club Triatl\u00f3 Granollers.\u00a0<\/strong><\/p>\n<p>Aficionados y duatletas han coincidido en destacar la excelente organizaci\u00f3n por parte del CT Granollers que sigue a\u00f1o tras a\u00f1o convirtiendo este evento en una cita obligada para los triatletas en pretemporada y para los expertos de la modalidad.<\/p>\n<p style=\"text-align: justify;\">El Duatl\u00f3n Ciutat de Granollers es la antesala del<strong> Campeonato de Catalunya de Duatl\u00f3n por equipos de El Prat,<\/strong> una aut\u00e9ntica cita obligada para todos los duatletas y triatletas de la comunidad.<\/p>\n","protected":false},"excerpt":{"rendered":"<p>La boira de primera hora de la ma\u00f1ana dej\u00f3 paso a un espect\u00e1culo en el Circuito de Catalunya que dej\u00f3 a un lado la MotoGP y la F\u00f3rmula Uno para dar paso a otras &#8220;m\u00e1quinas&#8221;, los y las duatletas. Erik Merino se impuso con claridad en la X Edici\u00f3n del Duatl\u00f3n Ciutat de Granollers dominando [&hellip;]<\/p>\n","protected":false},"author":2,"featured_media":66294,"comment_status":"closed","ping_status":"closed","sticky":false,"template":"","format":"standard","meta":{"_acf_changed":false,"rank_math_lock_modified_date":false,"footnotes":""},"categories":[17],"tags":[729,7572,2017],"class_list":{"0":"post-66293","1":"post","2":"type-post","3":"status-publish","4":"format-standard","5":"has-post-thumbnail","7":"category-actualidad","8":"tag-anna-rovira","9":"tag-duatlo-granollers","10":"tag-erik-merino"},"acf":[],"_links":{"self":[{"href":"https:\/\/miurltemporal.com/main/triatletasenred.sport.es\/wp-json\/wp\/v2\/posts\/66293"}],"collection":[{"href":"https:\/\/miurltemporal.com/main/triatletasenred.sport.es\/wp-json\/wp\/v2\/posts"}],"about":[{"href":"https:\/\/miurltemporal.com/main/triatletasenred.sport.es\/wp-json\/wp\/v2\/types\/post"}],"author":[{"embeddable":true,"href":"https:\/\/miurltemporal.com/main/triatletasenred.sport.es\/wp-json\/wp\/v2\/users\/2"}],"replies":[{"embeddable":true,"href":"https:\/\/miurltemporal.com/main/triatletasenred.sport.es\/wp-json\/wp\/v2\/comments?post=66293"}],"version-history":[{"count":0,"href":"https:\/\/miurltemporal.com/main/triatletasenred.sport.es\/wp-json\/wp\/v2\/posts\/66293\/revisions"}],"wp:featuredmedia":[{"embeddable":true,"href":"https:\/\/miurltemporal.com/main/triatletasenred.sport.es\/wp-json\/wp\/v2\/media\/66294"}],"wp:attachment":[{"href":"https:\/\/miurltemporal.com/main/triatletasenred.sport.es\/wp-json\/wp\/v2\/media?parent=66293"}],"wp:term":[{"taxonomy":"category","embeddable":true,"href":"https:\/\/miurltemporal.com/main/triatletasenred.sport.es\/wp-json\/wp\/v2\/categories?post=66293"},{"taxonomy":"post_tag","embeddable":true,"href":"https:\/\/miurltemporal.com/main/triatletasenred.sport.es\/wp-json\/wp\/v2\/tags?post=66293"}],"curies":[{"name":"wp","href":"https:\/\/api.w.org\/{rel}","templated":true}]}}