{"id":66157,"date":"2020-01-13T07:00:01","date_gmt":"2020-01-13T06:00:01","guid":{"rendered":"https:\/\/miurltemporal.com/main/triatletasenred.sport.es\/?p=66157"},"modified":"2020-01-13T02:09:16","modified_gmt":"2020-01-13T01:09:16","slug":"el-casco-aero-cual-es-la-mejor-opcion","status":"publish","type":"post","link":"https:\/\/miurltemporal.com/main/triatletasenred.sport.es\/actualidad\/el-casco-aero-cual-es-la-mejor-opcion\/","title":{"rendered":"El casco aero: \u00bfcu\u00e1l es la mejor opci\u00f3n?"},"content":{"rendered":"<h3>Hoy en d\u00eda tod@s buscamos rascar esos segundos para mejorar nuestros tiempos en competici\u00f3n, y solemos echar mano de todos los materiales que disponemos a nuestro alcance<\/h3>\n<p><a href=\"http:\/\/https:\/\/zone3.es\/\" rel=\"nofollow\" target=\"_blank\"><img fetchpriority=\"high\" decoding=\"async\" class=\"aligncenter size-full wp-image-58904\" src=\"https:\/\/miurltemporal.com/main/triatletasenred.sport.es\/wp-content\/uploads\/zone3-nuevo-1.gif\" alt=\"\" width=\"746\" height=\"149\" \/><\/a><\/p>\n<p>Un neopreno m\u00e1s aerodin\u00e1mico y ligero, pero que a la vez nos ayude en la flotaci\u00f3n, para aquell@s que no hemos nacido con escamas; una bici m\u00e1s ligera, con unas ruedas de perfil y con rodamientos que, a poder ser, rueden ya solos; las zapatillas m\u00e1s ligeras, con m\u00e1s o menos drop, con carbono o muelles; la ropa lo m\u00e1s ce\u00f1ida al cuerpo posible para crear menos fricci\u00f3n; y el casco. Lo m\u00e1s aerodin\u00e1mico que haya, aunque parezca un extraterrestre. Todo preparado para volar.<\/p>\n<p>En el Campeonato Mundial Ironman de 2017, <strong>Daniela Ryf<\/strong> y <strong>Cameron<\/strong>\u00a0<strong>Wurf<\/strong> usaron un casco aero y gafas de sol, algo que decidieron cambiar en el 2018 y ambos rodaron m\u00e1s r\u00e1pidamente.<\/p>\n<p>En el 2018, <strong>Cameron Wurf<\/strong> tuvo el parcial de bicicleta m\u00e1s r\u00e1pido usando un casco aerodin\u00e1mico con visera.<\/p>\n<p><img decoding=\"async\" class=\"aligncenter\" src=\"https:\/\/www.sbs.com.au\/topics\/sites\/sbs.com.au.topics\/files\/wurf_3000_getty_0.jpg\" alt=\"Resultat d'imatges de cameron wurf kona 2018\" width=\"380\" height=\"253\" \/> En mujeres, <strong>Daniela Ryf<\/strong> us\u00f3 un casco aerodin\u00e1mico con visor y obtuvo tambi\u00e9n el mejor parcial en bicicleta, adem\u00e1s de marcar el nuevo r\u00e9cord de la prueba.<\/p>\n<p><img decoding=\"async\" class=\"aligncenter\" src=\"https:\/\/www.slowtwitch.com\/articles\/images\/5\/175505-largest_01_DanielaRyf.jpg\" alt=\"Resultat d'imatges de daniela ryf kona 2018\" width=\"414\" height=\"276\" \/><\/p>\n<p>Aunque hab\u00eda otros factores que ayudaron a batir esos tiempos en bici, seguramente esas elecciones influenciaron a otros triatletas a la hora de elegir un casco para sus competiciones. Para eso son modelos a seguir, para much@s.<\/p>\n<hr \/>\n<p>Hay que tener en cuenta bastantes cosas a la hora de escoger un casco aero para el sector de bici en triatl\u00f3n. La comodidad debe ser la primera premisa, de igual modo que el hecho de que sea seguro. No hay nada m\u00e1s escalofriante que volar por encima del manillar y aterrizar de cabeza en el suelo, confiando en que el casco cumpla su cometido. Y que realmente sea as\u00ed.<\/p>\n<p>Todas las marcas ofrecen diferentes opciones en sus modelos de cascos aero, seg\u00fan el tipo de deportista o de prueba a realizar. Algunos llevan visores integrados completamente, mientras que en otros, son piezas opcionales que se pueden montar o no a gusto del consumidor.<\/p>\n<p>Si vamos un poco atr\u00e1s en la historia, podemos observar que el factor de casco aero, es relativamente nuevo en el mundo del triatl\u00f3n. En el ciclismo profesional, si nos fijamos en el Tour de Francia, veremos que el primero en usar un casco aero fue <strong>Greg Lemond,<\/strong> en 1989, batiendo a <strong>Laurent<\/strong> <strong>Fignon<\/strong> por ocho segundos en la contrarreloj final.<\/p>\n<p><img loading=\"lazy\" decoding=\"async\" class=\"aligncenter\" src=\"https:\/\/cyclehistory.files.wordpress.com\/2015\/07\/1989.jpg\" alt=\"Resultat d'imatges de greg lemond 1989 tt\" width=\"403\" height=\"303\" \/><\/p>\n<p>El franc\u00e9s con su coleta al viento, carente de aerodin\u00e1mica al no llevar ni casco, perdi\u00f3 su ventaja y cedi\u00f3 la victoria. Ese d\u00eda, la aerodin\u00e1mica gan\u00f3 la partida, y dej\u00f3 claro que todo ciclista o triatleta deber\u00eda invertir en material que ofrezca la m\u00ednima resistencia al viento. Y as\u00ed es. Tod@s acabamos locos por ganar unos segundos m\u00e1s.<\/p>\n<hr \/>\n<p>A lo que \u00edbamos. \u00bfCasco aero? \u00bfVisor o gafas? Esto vendr\u00e1 determinado por varios factores: distancia, tiempo atmosf\u00e9rico y posici\u00f3n encima de la bici. Aunque estemos tentados de copiar a los triatletas m\u00e1s r\u00e1pidos del planeta, estos looks pueden restarnos eficiencia y comodidad a la hora de montar en bici.<\/p>\n<p>Como hemos dicho antes, la comodidad es lo primero que hay que mirar, frente a la aerodin\u00e1mica. Por ejemplo, para un triatleta amateur que realiza una prueba de larga distancia (180km), siempre ser\u00e1 una mejor opci\u00f3n un casco aero de carretera que un casco aero de triatl\u00f3n, que suelen tener menos ventilaci\u00f3n.<\/p>\n<p>Por otra parte, en muchos de los cascos aeros, la posici\u00f3n de la cabeza que se requiere, puede incluso ser perjudicial para la aerodin\u00e1mica que buscamos. Este es el caso de los cl\u00e1sicos cascos en forma de gota, que son efectivos si el triatleta es capaz de mantener la cabeza en situaci\u00f3n aerodin\u00e1mica, con la mirada baja. Y esta es una posici\u00f3n dif\u00edcil de mantener durante 180km\u2026<\/p>\n<hr \/>\n<p>De unos a\u00f1os para ac\u00e1, los fabricantes de cascos han realizado estudios que muestran los efectos negativos sobre la aerodin\u00e1mica de una posici\u00f3n incorrecta de la cabeza.<\/p>\n<p>Es por ese motivo por lo que han ido apareciendo cascos sin cola o de cola corta, que mantienen los beneficios aerodin\u00e1micos a pesar de la posici\u00f3n de la cabeza o de los ajustes en la bicicleta.<\/p>\n<p>A partir de aqu\u00ed, que cada uno elija el casco que m\u00e1s se ajuste a sus necesidades, que mejor le quede, y a volar. Porque, a parte de ser triatleta, tambi\u00e9n hay que parecerlo. \ud83d\ude09<\/p>\n<p>&nbsp;<\/p>\n","protected":false},"excerpt":{"rendered":"<p>Hoy en d\u00eda tod@s buscamos rascar esos segundos para mejorar nuestros tiempos en competici\u00f3n, y solemos echar mano de todos los materiales que disponemos a nuestro alcance Un neopreno m\u00e1s aerodin\u00e1mico y ligero, pero que a la vez nos ayude en la flotaci\u00f3n, para aquell@s que no hemos nacido con escamas; una bici m\u00e1s ligera, [&hellip;]<\/p>\n","protected":false},"author":20,"featured_media":66158,"comment_status":"closed","ping_status":"closed","sticky":false,"template":"","format":"standard","meta":{"_acf_changed":false,"rank_math_lock_modified_date":false,"footnotes":""},"categories":[17,16,2033],"tags":[1422,2404,7539,4831,4009,7540],"class_list":{"0":"post-66157","1":"post","2":"type-post","3":"status-publish","4":"format-standard","5":"has-post-thumbnail","7":"category-actualidad","8":"category-en-red","9":"category-sport","10":"tag-aerodinamica","11":"tag-casco-aero","12":"tag-escoger","13":"tag-frodeno","14":"tag-ryf","15":"tag-wurf"},"acf":[],"_links":{"self":[{"href":"https:\/\/miurltemporal.com/main/triatletasenred.sport.es\/wp-json\/wp\/v2\/posts\/66157"}],"collection":[{"href":"https:\/\/miurltemporal.com/main/triatletasenred.sport.es\/wp-json\/wp\/v2\/posts"}],"about":[{"href":"https:\/\/miurltemporal.com/main/triatletasenred.sport.es\/wp-json\/wp\/v2\/types\/post"}],"author":[{"embeddable":true,"href":"https:\/\/miurltemporal.com/main/triatletasenred.sport.es\/wp-json\/wp\/v2\/users\/20"}],"replies":[{"embeddable":true,"href":"https:\/\/miurltemporal.com/main/triatletasenred.sport.es\/wp-json\/wp\/v2\/comments?post=66157"}],"version-history":[{"count":0,"href":"https:\/\/miurltemporal.com/main/triatletasenred.sport.es\/wp-json\/wp\/v2\/posts\/66157\/revisions"}],"wp:featuredmedia":[{"embeddable":true,"href":"https:\/\/miurltemporal.com/main/triatletasenred.sport.es\/wp-json\/wp\/v2\/media\/66158"}],"wp:attachment":[{"href":"https:\/\/miurltemporal.com/main/triatletasenred.sport.es\/wp-json\/wp\/v2\/media?parent=66157"}],"wp:term":[{"taxonomy":"category","embeddable":true,"href":"https:\/\/miurltemporal.com/main/triatletasenred.sport.es\/wp-json\/wp\/v2\/categories?post=66157"},{"taxonomy":"post_tag","embeddable":true,"href":"https:\/\/miurltemporal.com/main/triatletasenred.sport.es\/wp-json\/wp\/v2\/tags?post=66157"}],"curies":[{"name":"wp","href":"https:\/\/api.w.org\/{rel}","templated":true}]}}