{"id":66059,"date":"2020-01-02T07:01:58","date_gmt":"2020-01-02T06:01:58","guid":{"rendered":"https:\/\/miurltemporal.com/main/triatletasenred.sport.es\/?p=66059"},"modified":"2020-01-02T05:59:08","modified_gmt":"2020-01-02T04:59:08","slug":"canyon-seguira-con-alpecin-fenix-con-van-der-poel-al-frente","status":"publish","type":"post","link":"https:\/\/miurltemporal.com/main/triatletasenred.sport.es\/actualidad\/canyon-seguira-con-alpecin-fenix-con-van-der-poel-al-frente\/","title":{"rendered":"Canyon seguir\u00e1 con Alpecin-Fenix con van der Poel al frente"},"content":{"rendered":"<h3>En 2020 cambia el nombre pero se trata de la misma colaboraci\u00f3n que Canyon Bicycles mantiene desde hace a\u00f1os<\/h3>\n<p><a href=\"https:\/\/www.canyon.com\/es\/triathlon\/?utm_campaign=Speedmax-ES-Mar-2019&amp;utm_medium=display&amp;utm_source=triatletasenred\" rel=\"nofollow noopener\" target=\"_blank\"><img fetchpriority=\"high\" decoding=\"async\" class=\"aligncenter size-full wp-image-61181\" src=\"https:\/\/miurltemporal.com/main/triatletasenred.sport.es\/wp-content\/uploads\/Banner_Canyon_Speedmax_ES_1000x160px.gif\" alt=\"\" width=\"1000\" height=\"160\" \/><\/a><\/p>\n<p>Alpecin-Fenix \u200b\u200bes el nuevo nombre del conjunto multidisciplinar belga dirigido por los visionarios hermanos Philip y Christoph Roodhooft y del que forma parte la superestrella <strong>Mathieu van der Poel<\/strong>, que esta temporada competir\u00e1 con licencia UCI Pro Continental.<\/p>\n<p><strong>Mathieu van der Poel<\/strong> liderar\u00e1 el Alpecin-Fenix \u200b\u200ben varias disciplinas, compitiendo en ciclocross, carretera y monta\u00f1a.<\/p>\n<p>El objetivo n\u00famero 1 del h\u00f3ven <strong>Mathieu van der Poel<\/strong> para la temporada 2020 es la medalla de oro en la competici\u00f3n XCO en los juegos ol\u00edmpicos de Tokio. <strong>Roman Arnold<\/strong>, fundador y director gerente de Canyon Bicycles GmbH, explic\u00f3: \u201cEstamos muy contentos de continuar nuestra colaboraci\u00f3n con Alpecin-Fenix \u200b\u200bcomo patrocinador y proveedor de bicicletas. Desde el principio, hemos cre\u00eddo en la visi\u00f3n de <strong>Philip<\/strong> y <strong>Christoph Roodhooft<\/strong> de crear un equipo multidisciplinar que pueda ser competitivo en diferentes modalidades, adem\u00e1s, tener al incomparable <strong>Mathieu van der Poel<\/strong> corriendo con Canyon dentro y fuera de la carretera y en ciclocross es algo simplemente incre\u00edble. \u00a1Hemos disfrutado de una gran cantidad de victorias en todas las categor\u00edas con este equipo, por lo que estamos deseando que empiece la nueva temporada con el Alpecin-Fenix!\u201d<\/p>\n<p>Adem\u00e1s de<strong> van der Poel<\/strong>, el Alpecin-Fenix \u200b\u200bcontar\u00e1 con muchos otros ciclistas de primera clase mundial en 2020, incluida la estrella del ciclocross <strong>Ceylin del Carmen Alvarado<\/strong> y los ciclistas de monta\u00f1a <strong>Sam<\/strong>\u00a0<strong>Gaze<\/strong> y <strong>Ronja Eibl.<\/strong><\/p>\n<p>En carretera, el prol\u00edfico velocista italiano <strong>Sascha Modolo<\/strong> se unir\u00e1 al Alpecin-Fenix \u200b\u200bpara luchar por la victoria tanto en los cl\u00e1sicos de primavera como en las grandes vueltas. El campe\u00f3n belga <strong>Tim Merlier<\/strong> est\u00e1 de vuelta para conseguir m\u00e1s victorias en 2020, mientras que el especialista dan\u00e9s <strong>Lasse Norman<\/strong> Hansen es un valor emergente en las competiciones de carretera. Adem\u00e1s el Alpecin-Fenix \u200b\u200bincluir\u00e1 un s\u00f3lido grupo de corredores alemanes, con <strong>Alexander Krieger<\/strong> uni\u00e9ndose al actual campe\u00f3n alem\u00e1n de CX <strong>Marcel Meisen<\/strong> y al experimentado <strong>Philipp Walsleben<\/strong> (ex campe\u00f3n mundial de ciclocross U23).<\/p>\n<p>El equipo Alpecin-Fenix \u200b\u200bcorrer\u00e1 en carretera con las Canyon Aeroad, Ultimate y Speedmax. En bicicleta de monta\u00f1a el equipo utilizar\u00e1 la doble suspensi\u00f3n Canyon Lux y la r\u00edgida Canyon Exceed. Por otro lado, la Canyon Inflite ha sido la bicicleta elegida para ciclocross y la Canyon Grail para las carreras de gravel.<\/p>\n","protected":false},"excerpt":{"rendered":"<p>En 2020 cambia el nombre pero se trata de la misma colaboraci\u00f3n que Canyon Bicycles mantiene desde hace a\u00f1os Alpecin-Fenix \u200b\u200bes el nuevo nombre del conjunto multidisciplinar belga dirigido por los visionarios hermanos Philip y Christoph Roodhooft y del que forma parte la superestrella Mathieu van der Poel, que esta temporada competir\u00e1 con licencia UCI [&hellip;]<\/p>\n","protected":false},"author":6,"featured_media":66060,"comment_status":"closed","ping_status":"closed","sticky":false,"template":"","format":"standard","meta":{"_acf_changed":false,"rank_math_lock_modified_date":false,"footnotes":""},"categories":[17,2833,19,1191],"tags":[7525,6347,7524],"class_list":{"0":"post-66059","1":"post","2":"type-post","3":"status-publish","4":"format-standard","5":"has-post-thumbnail","7":"category-actualidad","8":"category-cicloturismo","9":"category-competiciones","10":"category-triatlon","11":"tag-alpecin-fenix","12":"tag-canyon","13":"tag-mathieu-van-der-poel"},"acf":[],"_links":{"self":[{"href":"https:\/\/miurltemporal.com/main/triatletasenred.sport.es\/wp-json\/wp\/v2\/posts\/66059"}],"collection":[{"href":"https:\/\/miurltemporal.com/main/triatletasenred.sport.es\/wp-json\/wp\/v2\/posts"}],"about":[{"href":"https:\/\/miurltemporal.com/main/triatletasenred.sport.es\/wp-json\/wp\/v2\/types\/post"}],"author":[{"embeddable":true,"href":"https:\/\/miurltemporal.com/main/triatletasenred.sport.es\/wp-json\/wp\/v2\/users\/6"}],"replies":[{"embeddable":true,"href":"https:\/\/miurltemporal.com/main/triatletasenred.sport.es\/wp-json\/wp\/v2\/comments?post=66059"}],"version-history":[{"count":0,"href":"https:\/\/miurltemporal.com/main/triatletasenred.sport.es\/wp-json\/wp\/v2\/posts\/66059\/revisions"}],"wp:featuredmedia":[{"embeddable":true,"href":"https:\/\/miurltemporal.com/main/triatletasenred.sport.es\/wp-json\/wp\/v2\/media\/66060"}],"wp:attachment":[{"href":"https:\/\/miurltemporal.com/main/triatletasenred.sport.es\/wp-json\/wp\/v2\/media?parent=66059"}],"wp:term":[{"taxonomy":"category","embeddable":true,"href":"https:\/\/miurltemporal.com/main/triatletasenred.sport.es\/wp-json\/wp\/v2\/categories?post=66059"},{"taxonomy":"post_tag","embeddable":true,"href":"https:\/\/miurltemporal.com/main/triatletasenred.sport.es\/wp-json\/wp\/v2\/tags?post=66059"}],"curies":[{"name":"wp","href":"https:\/\/api.w.org\/{rel}","templated":true}]}}