{"id":66001,"date":"2019-12-26T07:01:51","date_gmt":"2019-12-26T06:01:51","guid":{"rendered":"https:\/\/miurltemporal.com/main/triatletasenred.sport.es\/?p=66001"},"modified":"2019-12-26T05:08:15","modified_gmt":"2019-12-26T04:08:15","slug":"albert-moreno-hilando-fino-para-2020","status":"publish","type":"post","link":"https:\/\/miurltemporal.com/main/triatletasenred.sport.es\/actualidad\/albert-moreno-hilando-fino-para-2020\/","title":{"rendered":"Albert Moreno hilando fino para 2020"},"content":{"rendered":"<h3>El triatleta de Igualada ha sido tercero en la cursa Galldindi, rematando as\u00ed dos d\u00edas de buenos entrenamientos<\/h3>\n<p><\/a><\/p>\n<p>Albert Moreno se encuentra en plena preparaci\u00f3n para la pr\u00f3xima temporada de triatl\u00f3n, \u00e9poca que aprovechan muchos atletas para sumar m\u00e1s kil\u00f3metros a pie, como complemento del entreno para una prueba objetivo con la que coger el primer punto de forma.<\/p>\n<p>Al triatleta del Pewag Triathlon lo hemos visto en ocasiones en la l\u00ednea de salida de carreras importantes como la Marat\u00f3n de Barcelona, donde el a\u00f1o pasado consegu\u00eda ser el primer espa\u00f1ol en meta con 2h28&#8242;.<\/p>\n<p>Este a\u00f1o no va a ser menos, ya que Moreno ya ha anunciado que estar\u00e1 en la linea de salida de la distancia de Fil\u00edpides en la capital catalana, con lo que veremos si va a ser capaz de batir su anterior marca.<\/p>\n<p>Con ello, <strong>Albert<\/strong> firmaba un tercer puesto en la Cursa Galldindi, la carrera de navidad del pueblo de Capellades. En ella, <strong>Moreno<\/strong> entraba tercero tras dos compa\u00f1eros de su equipo de atletismo, marcando 13:38 para los 4,5km, que arroja una media de 3&#8217;02&#8221;\/km, qued\u00e1ndose a 20&#8243; de la victoria.<\/p>\n<p>Un dato al que sumamos el entrenamiento del d\u00eda anterior, d\u00f3nde met\u00eda 2x5km en la pista de Igualada. El primer 5mil lo pasaba en 16:45, para recuperar un kil\u00f3metro a 4:03 y dejar el segundo 5k en 16:28, unos ritmos medios para <strong>Albert,<\/strong> que siempre ha cimentado sus buenos resultados en base a una buena carrera a pie.<\/p>\n","protected":false},"excerpt":{"rendered":"<p>El triatleta de Igualada ha sido tercero en la cursa Galldindi, rematando as\u00ed dos d\u00edas de buenos entrenamientos Albert Moreno se encuentra en plena preparaci\u00f3n para la pr\u00f3xima temporada de triatl\u00f3n, \u00e9poca que aprovechan muchos atletas para sumar m\u00e1s kil\u00f3metros a pie, como complemento del entreno para una prueba objetivo con la que coger el [&hellip;]<\/p>\n","protected":false},"author":309,"featured_media":66002,"comment_status":"closed","ping_status":"closed","sticky":false,"template":"","format":"standard","meta":{"_acf_changed":false,"rank_math_lock_modified_date":false,"footnotes":""},"categories":[17,19,2033],"tags":[535,5054,7511,7512],"class_list":{"0":"post-66001","1":"post","2":"type-post","3":"status-publish","4":"format-standard","5":"has-post-thumbnail","7":"category-actualidad","8":"category-competiciones","9":"category-sport","10":"tag-albert-moreno","11":"tag-carrera","12":"tag-cursa","13":"tag-gall-dindi"},"acf":[],"_links":{"self":[{"href":"https:\/\/miurltemporal.com/main/triatletasenred.sport.es\/wp-json\/wp\/v2\/posts\/66001"}],"collection":[{"href":"https:\/\/miurltemporal.com/main/triatletasenred.sport.es\/wp-json\/wp\/v2\/posts"}],"about":[{"href":"https:\/\/miurltemporal.com/main/triatletasenred.sport.es\/wp-json\/wp\/v2\/types\/post"}],"author":[{"embeddable":true,"href":"https:\/\/miurltemporal.com/main/triatletasenred.sport.es\/wp-json\/wp\/v2\/users\/309"}],"replies":[{"embeddable":true,"href":"https:\/\/miurltemporal.com/main/triatletasenred.sport.es\/wp-json\/wp\/v2\/comments?post=66001"}],"version-history":[{"count":0,"href":"https:\/\/miurltemporal.com/main/triatletasenred.sport.es\/wp-json\/wp\/v2\/posts\/66001\/revisions"}],"wp:featuredmedia":[{"embeddable":true,"href":"https:\/\/miurltemporal.com/main/triatletasenred.sport.es\/wp-json\/wp\/v2\/media\/66002"}],"wp:attachment":[{"href":"https:\/\/miurltemporal.com/main/triatletasenred.sport.es\/wp-json\/wp\/v2\/media?parent=66001"}],"wp:term":[{"taxonomy":"category","embeddable":true,"href":"https:\/\/miurltemporal.com/main/triatletasenred.sport.es\/wp-json\/wp\/v2\/categories?post=66001"},{"taxonomy":"post_tag","embeddable":true,"href":"https:\/\/miurltemporal.com/main/triatletasenred.sport.es\/wp-json\/wp\/v2\/tags?post=66001"}],"curies":[{"name":"wp","href":"https:\/\/api.w.org\/{rel}","templated":true}]}}