{"id":65849,"date":"2019-12-12T07:00:06","date_gmt":"2019-12-12T06:00:06","guid":{"rendered":"https:\/\/miurltemporal.com/main/triatletasenred.sport.es\/?p=65849"},"modified":"2019-12-12T05:21:53","modified_gmt":"2019-12-12T04:21:53","slug":"noya-mola-y-rana-condecorados-con-todos-los-honores-por-el-coe","status":"publish","type":"post","link":"https:\/\/miurltemporal.com/main/triatletasenred.sport.es\/actualidad\/noya-mola-y-rana-condecorados-con-todos-los-honores-por-el-coe\/","title":{"rendered":"Noya, Mola y Ra\u00f1a; Condecorados con todos los honores por el COE"},"content":{"rendered":"<h3>El Capit\u00e1n, S\u00faper Mario y El Animal fueron galardonados por el Comit\u00e9 Ol\u00edmpico Espa\u00f1ol en Madrid<\/h3>\n<p><a href=\"https:\/\/nutrisport.es\/\" rel=\"nofollow noopener\" target=\"_blank\"><img fetchpriority=\"high\" decoding=\"async\" class=\"aligncenter size-full wp-image-57465\" src=\"https:\/\/miurltemporal.com/main/triatletasenred.sport.es\/wp-content\/uploads\/BannerTriatl\u00f3n-750x100.jpg\" alt=\"\" width=\"750\" height=\"100\" srcset=\"https:\/\/miurltemporal.com/main/triatletasenred.sport.es\/wp-content\/uploads\/BannerTriatl\u00f3n-750x100.jpg 750w, https:\/\/miurltemporal.com/main/triatletasenred.sport.es\/wp-content\/uploads\/BannerTriatl\u00f3n-750x100-700x93.jpg 700w, https:\/\/miurltemporal.com/main/triatletasenred.sport.es\/wp-content\/uploads\/BannerTriatl\u00f3n-750x100-300x40.jpg 300w\" sizes=\"(max-width: 750px) 100vw, 750px\" \/><\/a><\/p>\n<p>C\u00f3mo ya hab\u00edamos anunciado hace unas semanas, nuestro tr\u00edo de oro, con nada m\u00e1s y nada menos que 9 t\u00edtulos de Campe\u00f3n del Mundo entre sus galones, han sido distinguidos por el COE por sus m\u00e9ritos al deporte Ol\u00edmpico espa\u00f1ol.<\/p>\n<p>Javi y Iv\u00e1n recib\u00edan la Orden Ol\u00edmpica junto a<strong> Jes\u00fas Carballo, Mar\u00eda Jos\u00e9 Rienda, Joel Gonz\u00e1lez, Maialen Chourraut, Erika Villa\u00e9cija y Teresa Perales.<\/strong><\/p>\n<p><img decoding=\"async\" class=\"wp-image-65851 alignright\" src=\"https:\/\/miurltemporal.com/main/triatletasenred.sport.es\/wp-content\/uploads\/Captura-de-Pantalla-2019-12-12-a-les-5.05.22-1024x697.png\" alt=\"\" width=\"360\" height=\"245\" srcset=\"https:\/\/miurltemporal.com/main/triatletasenred.sport.es\/wp-content\/uploads\/Captura-de-Pantalla-2019-12-12-a-les-5.05.22-1024x697.png 1024w, https:\/\/miurltemporal.com/main/triatletasenred.sport.es\/wp-content\/uploads\/Captura-de-Pantalla-2019-12-12-a-les-5.05.22-700x477.png 700w, https:\/\/miurltemporal.com/main/triatletasenred.sport.es\/wp-content\/uploads\/Captura-de-Pantalla-2019-12-12-a-les-5.05.22-300x204.png 300w, https:\/\/miurltemporal.com/main/triatletasenred.sport.es\/wp-content\/uploads\/Captura-de-Pantalla-2019-12-12-a-les-5.05.22-768x523.png 768w, https:\/\/miurltemporal.com/main/triatletasenred.sport.es\/wp-content\/uploads\/Captura-de-Pantalla-2019-12-12-a-les-5.05.22-640x436.png 640w, https:\/\/miurltemporal.com/main/triatletasenred.sport.es\/wp-content\/uploads\/Captura-de-Pantalla-2019-12-12-a-les-5.05.22.png 1028w\" sizes=\"(max-width: 360px) 100vw, 360px\" \/><\/p>\n<p>Dicha distinci\u00f3n supone el m\u00e1ximo premio que otorga el comit\u00e9 a los deportistas que han brindado sus esfuerzos en favor del olimpismo nacional.<\/p>\n<p><strong>Ra\u00f1a<\/strong> era el primero en pronunciarse respecto a los dos aspirantes a las medallas que le acompa\u00f1aban en la gala, y advert\u00eda a sus rivales de algo que no nos toma por sorpresa:<em> &#8221;Javi y Mario pueden ganar\u201d.\u00a0<\/em>Estamos de acuerdo con el gallego.<\/p>\n<p><strong>Noya<\/strong> se mostraba muy feliz y honorado del premio y de poder compartirlo con las dos figuras del trideporte que le acompa\u00f1aban<\/p>\n<p>Por su parte, <strong>Mario<\/strong> <strong>Mola<\/strong> recib\u00eda la distinci\u00f3n de &#8221;Deportista destacado&#8221; junto al tirador <strong>Alberto<\/strong> Fern\u00e1ndez, la nadadora <strong>Ona<\/strong> <strong>Carbonell<\/strong> y la piloto <strong>Ana<\/strong> <strong>Carrasco<\/strong>. El balear posaba orgulloso junto a su pareja Carol y declaraba en redes:<\/p>\n<p><em>&#8221;Gran noche en la casa del Deporte Ol\u00edmpico Espa\u00f1ol y muy agradecido <\/em><em>por el premio.&#8221;<\/em><\/p>\n<p><img decoding=\"async\" class=\"wp-image-65852 alignright\" src=\"https:\/\/miurltemporal.com/main/triatletasenred.sport.es\/wp-content\/uploads\/mola-1024x756.jpg\" alt=\"\" width=\"357\" height=\"265\" srcset=\"https:\/\/miurltemporal.com/main/triatletasenred.sport.es\/wp-content\/uploads\/mola-1024x756.jpg 1024w, https:\/\/miurltemporal.com/main/triatletasenred.sport.es\/wp-content\/uploads\/mola-700x517.jpg 700w, https:\/\/miurltemporal.com/main/triatletasenred.sport.es\/wp-content\/uploads\/mola-300x222.jpg 300w, https:\/\/miurltemporal.com/main/triatletasenred.sport.es\/wp-content\/uploads\/mola-768x567.jpg 768w, https:\/\/miurltemporal.com/main/triatletasenred.sport.es\/wp-content\/uploads\/mola-640x473.jpg 640w, https:\/\/miurltemporal.com/main/triatletasenred.sport.es\/wp-content\/uploads\/mola.jpg 1102w\" sizes=\"(max-width: 357px) 100vw, 357px\" \/><\/p>\n<p>El presidente del COE, Alejandro Blanco, pronunciaba un solemne discurso que seguro eriz\u00f3 la piel a m\u00e1s de un deportista:<\/p>\n<p>\u201cEl gran reto del deporte espa\u00f1ol fue Barcelona 1992, donde Espa\u00f1a mostr\u00f3 otra imagen. Antes, Espa\u00f1a hab\u00eda conseguido 27 medallas, y desde entonces, 128.&#8221;<\/p>\n<p>&#8221;Tenemos ya a 159 deportistas clasificados para Tokio y ojal\u00e1 saque medalla la Selecci\u00f3n femenina de balonmano, porque se la ha ganado. Hablar de Tokio es hablar de futuro, que es incierto y emocionante, para intentar mejorar el pasado\u201d<\/p>\n<p>&nbsp;<\/p>\n<p>&nbsp;<\/p>\n<hr \/>\n<h4>Iv\u00e1n Ra\u00f1a compart\u00eda la medalla con sus seguidores en Instagram (@ivanranafuentes)<\/h4>\n<p><img loading=\"lazy\" decoding=\"async\" class=\"aligncenter wp-image-65850\" src=\"https:\/\/miurltemporal.com/main/triatletasenred.sport.es\/wp-content\/uploads\/medalla-coe-merito-olimpico-noya-mola-rana-574x1024.jpg\" alt=\"\" width=\"259\" height=\"461\" srcset=\"https:\/\/miurltemporal.com/main/triatletasenred.sport.es\/wp-content\/uploads\/medalla-coe-merito-olimpico-noya-mola-rana-574x1024.jpg 574w, https:\/\/miurltemporal.com/main/triatletasenred.sport.es\/wp-content\/uploads\/medalla-coe-merito-olimpico-noya-mola-rana-168x300.jpg 168w, https:\/\/miurltemporal.com/main/triatletasenred.sport.es\/wp-content\/uploads\/medalla-coe-merito-olimpico-noya-mola-rana.jpg 741w\" sizes=\"(max-width: 259px) 100vw, 259px\" \/><\/p>\n","protected":false},"excerpt":{"rendered":"<p>El Capit\u00e1n, S\u00faper Mario y El Animal fueron galardonados por el Comit\u00e9 Ol\u00edmpico Espa\u00f1ol en Madrid C\u00f3mo ya hab\u00edamos anunciado hace unas semanas, nuestro tr\u00edo de oro, con nada m\u00e1s y nada menos que 9 t\u00edtulos de Campe\u00f3n del Mundo entre sus galones, han sido distinguidos por el COE por sus m\u00e9ritos al deporte Ol\u00edmpico [&hellip;]<\/p>\n","protected":false},"author":309,"featured_media":65853,"comment_status":"closed","ping_status":"closed","sticky":false,"template":"","format":"standard","meta":{"_acf_changed":false,"rank_math_lock_modified_date":false,"footnotes":""},"categories":[17,16,2033],"tags":[7410,607,5290,7409,1263],"class_list":{"0":"post-65849","1":"post","2":"type-post","3":"status-publish","4":"format-standard","5":"has-post-thumbnail","7":"category-actualidad","8":"category-en-red","9":"category-sport","10":"tag-coe","11":"tag-mola","12":"tag-noya","13":"tag-orden-olimpica","14":"tag-rana"},"acf":[],"_links":{"self":[{"href":"https:\/\/miurltemporal.com/main/triatletasenred.sport.es\/wp-json\/wp\/v2\/posts\/65849"}],"collection":[{"href":"https:\/\/miurltemporal.com/main/triatletasenred.sport.es\/wp-json\/wp\/v2\/posts"}],"about":[{"href":"https:\/\/miurltemporal.com/main/triatletasenred.sport.es\/wp-json\/wp\/v2\/types\/post"}],"author":[{"embeddable":true,"href":"https:\/\/miurltemporal.com/main/triatletasenred.sport.es\/wp-json\/wp\/v2\/users\/309"}],"replies":[{"embeddable":true,"href":"https:\/\/miurltemporal.com/main/triatletasenred.sport.es\/wp-json\/wp\/v2\/comments?post=65849"}],"version-history":[{"count":0,"href":"https:\/\/miurltemporal.com/main/triatletasenred.sport.es\/wp-json\/wp\/v2\/posts\/65849\/revisions"}],"wp:featuredmedia":[{"embeddable":true,"href":"https:\/\/miurltemporal.com/main/triatletasenred.sport.es\/wp-json\/wp\/v2\/media\/65853"}],"wp:attachment":[{"href":"https:\/\/miurltemporal.com/main/triatletasenred.sport.es\/wp-json\/wp\/v2\/media?parent=65849"}],"wp:term":[{"taxonomy":"category","embeddable":true,"href":"https:\/\/miurltemporal.com/main/triatletasenred.sport.es\/wp-json\/wp\/v2\/categories?post=65849"},{"taxonomy":"post_tag","embeddable":true,"href":"https:\/\/miurltemporal.com/main/triatletasenred.sport.es\/wp-json\/wp\/v2\/tags?post=65849"}],"curies":[{"name":"wp","href":"https:\/\/api.w.org\/{rel}","templated":true}]}}