{"id":65765,"date":"2019-12-10T11:00:50","date_gmt":"2019-12-10T10:00:50","guid":{"rendered":"https:\/\/miurltemporal.com/main/triatletasenred.sport.es\/?p=65765"},"modified":"2019-12-10T05:14:51","modified_gmt":"2019-12-10T04:14:51","slug":"apertura-inscripciones-2020-triatlo-terres-ebre","status":"publish","type":"post","link":"https:\/\/miurltemporal.com/main/triatletasenred.sport.es\/actualidad\/apertura-inscripciones-2020-triatlo-terres-ebre\/","title":{"rendered":"El Triatl\u00f3 Terres de l&#8217;Ebre pone en marcha su d\u00e9cima edici\u00f3n"},"content":{"rendered":"<h2 style=\"text-align: justify;\">Una de las citas se\u00f1aladas de la media distancia, a celebrar el 26 de abril de 2020, abre inscripciones hoy, a partir de las 17:00h, para la celebraci\u00f3n de su d\u00e9cimo aniversario.<\/h2>\n<p><img fetchpriority=\"high\" decoding=\"async\" class=\"aligncenter size-full wp-image-65760\" src=\"https:\/\/miurltemporal.com/main/triatletasenred.sport.es\/wp-content\/uploads\/Terres_banner.jpg\" alt=\"\" width=\"700\" height=\"150\" srcset=\"https:\/\/miurltemporal.com/main/triatletasenred.sport.es\/wp-content\/uploads\/Terres_banner.jpg 700w, https:\/\/miurltemporal.com/main/triatletasenred.sport.es\/wp-content\/uploads\/Terres_banner-300x64.jpg 300w, https:\/\/miurltemporal.com/main/triatletasenred.sport.es\/wp-content\/uploads\/Terres_banner-640x137.jpg 640w\" sizes=\"(max-width: 700px) 100vw, 700px\" \/><\/p>\n<p style=\"text-align: justify;\">El <strong>Triatl\u00f3 Doble Ol\u00edmpic Terres de l&#8217;Ebre<\/strong> reaparece en escena en el d\u00eda de hoy con la <strong>apertura de inscripciones<\/strong> de la <strong>d\u00e9cima edici\u00f3n<\/strong> de un triatl\u00f3n que se ha consolidado, por m\u00e9ritos propios, en el calendario de muchos de los aficionados al trideporte de nuestro pa\u00eds.<\/p>\n<p style=\"text-align: justify;\"><strong>Sant Carles de la R\u00e0pita<\/strong> volver\u00e1 a ser el punto neur\u00e1lgico de una competici\u00f3n que se caracteriza por el<strong> ambiente familiar<\/strong>, el <strong>trato cercano al deportista<\/strong>, los <strong>recorridos sin aglomeraciones<\/strong> y una <strong>particular distancia<\/strong> para los segmentos de 3000 metros de nataci\u00f3n, 90 km en bici y 20 km de carrera a pie.<\/p>\n<p style=\"text-align: justify;\"><img decoding=\"async\" class=\" wp-image-65767 alignleft\" src=\"https:\/\/miurltemporal.com/main/triatletasenred.sport.es\/wp-content\/uploads\/cartell-triatl\u00f3-terres-de-lEbre.jpg\" alt=\"\" width=\"233\" height=\"330\" srcset=\"https:\/\/miurltemporal.com/main/triatletasenred.sport.es\/wp-content\/uploads\/cartell-triatl\u00f3-terres-de-lEbre.jpg 679w, https:\/\/miurltemporal.com/main/triatletasenred.sport.es\/wp-content\/uploads\/cartell-triatl\u00f3-terres-de-lEbre-212x300.jpg 212w, https:\/\/miurltemporal.com/main/triatletasenred.sport.es\/wp-content\/uploads\/cartell-triatl\u00f3-terres-de-lEbre-640x905.jpg 640w\" sizes=\"(max-width: 233px) 100vw, 233px\" \/>La distancia a cubrir en nataci\u00f3n se presenta ideal para muchos triatletas que utilizan la prueba como <strong>pistoletazo de salida de la temporada de larga distancia<\/strong> y un <strong>reto<\/strong> para los que vienen de la <strong>distancia ol\u00edmpica<\/strong>. Sin olvidar un circuito en bicicleta <strong>llano y r\u00e1pido<\/strong>, con poco viento habitualmente, con el que poder rodar bien acoplado en la cabra.<\/p>\n<p style=\"text-align: justify;\">Los organizadores, el <strong>Club d&#8217;Atletisme Terres de L&#8217;Ebre<\/strong>, ya han anunciado en redes sociales que la prueba puntuar\u00e1 para la <strong>Lliga de Clubs. <\/strong>Adem\u00e1s, han recuperado la <strong>fecha inicial de otras ediciones,\u00a0<\/strong>esperando una temperatura m\u00e1s agradable para el d\u00eda de la prueba.<\/p>\n<p style=\"text-align: justify;\">Como viene siendo habitual la inscripci\u00f3n tendr\u00e1 un <strong>precio reducido<\/strong> de 90 euros para federados y 102 para no federados <strong>hasta el 17 de diciembre<\/strong>, despu\u00e9s ser\u00e1 de 110 y 122, respectivamente. No dejes pasar la oportunidad de pasar unos d\u00edas disfrutando del <strong>deporte,<\/strong> la <strong>gastronom\u00eda<\/strong> mediterr\u00e1nea, el buen <strong>clima<\/strong> y la <strong>familia<\/strong>, descubriendo algunos de los bonitos rincones de Tarragona.<\/p>\n<p style=\"text-align: center;\"><a class=\"vc_btn vc_btn-yellow vc_btn-sm vc_btn_square \" href=\"http:\/\/www.triatloterresdelebre.cat\/ca\/inici\/\" rel=\"nofollow noopener\" target=\"_blank\">Enlace WEB \/ INSCRIPCIONES<\/a><\/p>\n","protected":false},"excerpt":{"rendered":"<p>Una de las citas se\u00f1aladas de la media distancia, a celebrar el 26 de abril de 2020, abre inscripciones hoy, a partir de las 17:00h, para la celebraci\u00f3n de su d\u00e9cimo aniversario. El Triatl\u00f3 Doble Ol\u00edmpic Terres de l&#8217;Ebre reaparece en escena en el d\u00eda de hoy con la apertura de inscripciones de la d\u00e9cima [&hellip;]<\/p>\n","protected":false},"author":294,"featured_media":65766,"comment_status":"closed","ping_status":"closed","sticky":false,"template":"","format":"standard","meta":{"_acf_changed":false,"rank_math_lock_modified_date":false,"footnotes":""},"categories":[17,2033,1191],"tags":[4413,720,6553],"class_list":{"0":"post-65765","1":"post","2":"type-post","3":"status-publish","4":"format-standard","5":"has-post-thumbnail","7":"category-actualidad","8":"category-sport","9":"category-triatlon","10":"tag-media-distancia","11":"tag-triatlo","12":"tag-triatlo-doble-olimpic-terres-de-lebre"},"acf":[],"_links":{"self":[{"href":"https:\/\/miurltemporal.com/main/triatletasenred.sport.es\/wp-json\/wp\/v2\/posts\/65765"}],"collection":[{"href":"https:\/\/miurltemporal.com/main/triatletasenred.sport.es\/wp-json\/wp\/v2\/posts"}],"about":[{"href":"https:\/\/miurltemporal.com/main/triatletasenred.sport.es\/wp-json\/wp\/v2\/types\/post"}],"author":[{"embeddable":true,"href":"https:\/\/miurltemporal.com/main/triatletasenred.sport.es\/wp-json\/wp\/v2\/users\/294"}],"replies":[{"embeddable":true,"href":"https:\/\/miurltemporal.com/main/triatletasenred.sport.es\/wp-json\/wp\/v2\/comments?post=65765"}],"version-history":[{"count":0,"href":"https:\/\/miurltemporal.com/main/triatletasenred.sport.es\/wp-json\/wp\/v2\/posts\/65765\/revisions"}],"wp:featuredmedia":[{"embeddable":true,"href":"https:\/\/miurltemporal.com/main/triatletasenred.sport.es\/wp-json\/wp\/v2\/media\/65766"}],"wp:attachment":[{"href":"https:\/\/miurltemporal.com/main/triatletasenred.sport.es\/wp-json\/wp\/v2\/media?parent=65765"}],"wp:term":[{"taxonomy":"category","embeddable":true,"href":"https:\/\/miurltemporal.com/main/triatletasenred.sport.es\/wp-json\/wp\/v2\/categories?post=65765"},{"taxonomy":"post_tag","embeddable":true,"href":"https:\/\/miurltemporal.com/main/triatletasenred.sport.es\/wp-json\/wp\/v2\/tags?post=65765"}],"curies":[{"name":"wp","href":"https:\/\/api.w.org\/{rel}","templated":true}]}}