{"id":65616,"date":"2019-12-01T08:25:12","date_gmt":"2019-12-01T07:25:12","guid":{"rendered":"https:\/\/miurltemporal.com/main/triatletasenred.sport.es\/?p=65616"},"modified":"2019-12-01T10:02:03","modified_gmt":"2019-12-01T09:02:03","slug":"gurutze-frades-3a-en-ironman-western-australia","status":"publish","type":"post","link":"https:\/\/miurltemporal.com/main/triatletasenred.sport.es\/actualidad\/gurutze-frades-3a-en-ironman-western-australia\/","title":{"rendered":"Gurutze Frades 3\u00aa en IRONMAN Western Australia"},"content":{"rendered":"<h3>Guru consigue un nuevo podio IRONMAN en una prueba rapid\u00edsima donde la basca ha dado un recital en la carrera a pie.<\/h3>\n<p><a href=\"https:\/\/www.finisher.es\" rel=\"nofollow noopener\" target=\"_blank\"><img fetchpriority=\"high\" decoding=\"async\" class=\"size-full wp-image-65225 aligncenter\" src=\"https:\/\/miurltemporal.com/main/triatletasenred.sport.es\/wp-content\/uploads\/banner_finisher_articles.gif\" alt=\"\" width=\"700\" height=\"150\" \/><\/a><\/p>\n<p>Un d\u00eda muy caluroso pero con la ausencia de vientos fuertes predec\u00eda grandes marcas en esta edici\u00f3n del Western Australia, y as\u00ed ha sido.<\/p>\n<p><strong>Teresa<\/strong> <strong>Adam<\/strong> quien lideraba una nataci\u00f3n r\u00e1pida con 50:24 y Laura Jane a m\u00e1s de un minuto<\/p>\n<p>En los primeros kil\u00f3metros de bici, <strong>Adam<\/strong> ampliaba su renta con un grupo de 4 perseguidoras, con <strong>Gurutze<\/strong> marchando a m\u00e1s de 10&#8242; de cabeza de carrera.<\/p>\n<p><img decoding=\"async\" class=\"size-medium wp-image-65613\" src=\"https:\/\/miurltemporal.com/main/triatletasenred.sport.es\/wp-content\/uploads\/img_6476.jpg\" width=\"1600\" height=\"1200\" srcset=\"https:\/\/miurltemporal.com/main/triatletasenred.sport.es\/wp-content\/uploads\/img_6476.jpg 1600w, https:\/\/miurltemporal.com/main/triatletasenred.sport.es\/wp-content\/uploads\/img_6476-700x525.jpg 700w, https:\/\/miurltemporal.com/main/triatletasenred.sport.es\/wp-content\/uploads\/img_6476-300x225.jpg 300w, https:\/\/miurltemporal.com/main/triatletasenred.sport.es\/wp-content\/uploads\/img_6476-768x576.jpg 768w, https:\/\/miurltemporal.com/main/triatletasenred.sport.es\/wp-content\/uploads\/img_6476-1024x768.jpg 1024w, https:\/\/miurltemporal.com/main/triatletasenred.sport.es\/wp-content\/uploads\/img_6476-640x480.jpg 640w\" sizes=\"(max-width: 1600px) 100vw, 1600px\" \/><\/p>\n<p>Al paso por el ecuador del ciclismo la ventaja de <strong>Adam<\/strong> sobre <strong>Morrison<\/strong> es de 5&#8242; y por detr\u00e1s viene el resto de top 8 separadas por espacios de m\u00e1s de 40&#8243;.<\/p>\n<p><strong>Adam<\/strong> se bajar\u00e1 primera a correr con renta suficiente para correr controlando. Qui\u00e9n ha volado en bici es <strong>Sarah<\/strong> <strong>Piampiano<\/strong> que es 4a en T2 despu\u00e9s de marcar el mejor parcial del d\u00eda sobre las dos ruedas.<\/p>\n<p><img decoding=\"async\" class=\"size-medium wp-image-65614\" src=\"https:\/\/miurltemporal.com/main/triatletasenred.sport.es\/wp-content\/uploads\/img_6475.jpg\" width=\"1214\" height=\"879\" srcset=\"https:\/\/miurltemporal.com/main/triatletasenred.sport.es\/wp-content\/uploads\/img_6475.jpg 1214w, https:\/\/miurltemporal.com/main/triatletasenred.sport.es\/wp-content\/uploads\/img_6475-700x507.jpg 700w, https:\/\/miurltemporal.com/main/triatletasenred.sport.es\/wp-content\/uploads\/img_6475-300x217.jpg 300w, https:\/\/miurltemporal.com/main/triatletasenred.sport.es\/wp-content\/uploads\/img_6475-768x556.jpg 768w, https:\/\/miurltemporal.com/main/triatletasenred.sport.es\/wp-content\/uploads\/img_6475-1024x741.jpg 1024w, https:\/\/miurltemporal.com/main/triatletasenred.sport.es\/wp-content\/uploads\/img_6475-640x463.jpg 640w\" sizes=\"(max-width: 1214px) 100vw, 1214px\" \/><\/p>\n<p><strong>Gurutze<\/strong> firmar\u00eda la segunda mejor marat\u00f3n del d\u00eda despu\u00e9s de dejarse m\u00e1s de 22&#8242; en la segunda transici\u00f3n, para ir remontando posiciones con un sector a pie de esc\u00e1ndalo.<\/p>\n<p>Finalmente el podio ser\u00eda<strong>Teresa Adam, Sarah Piampiano y Gurutze Frades<\/strong><\/p>\n","protected":false},"excerpt":{"rendered":"<p>Guru consigue un nuevo podio IRONMAN en una prueba rapid\u00edsima donde la basca ha dado un recital en la carrera a pie. Un d\u00eda muy caluroso pero con la ausencia de vientos fuertes predec\u00eda grandes marcas en esta edici\u00f3n del Western Australia, y as\u00ed ha sido. Teresa Adam quien lideraba una nataci\u00f3n r\u00e1pida con 50:24 [&hellip;]<\/p>\n","protected":false},"author":309,"featured_media":65615,"comment_status":"closed","ping_status":"closed","sticky":false,"template":"","format":"standard","meta":{"_acf_changed":false,"rank_math_lock_modified_date":false,"footnotes":""},"categories":[17,19,2033,1191],"tags":[],"class_list":{"0":"post-65616","1":"post","2":"type-post","3":"status-publish","4":"format-standard","5":"has-post-thumbnail","7":"category-actualidad","8":"category-competiciones","9":"category-sport","10":"category-triatlon"},"acf":[],"_links":{"self":[{"href":"https:\/\/miurltemporal.com/main/triatletasenred.sport.es\/wp-json\/wp\/v2\/posts\/65616"}],"collection":[{"href":"https:\/\/miurltemporal.com/main/triatletasenred.sport.es\/wp-json\/wp\/v2\/posts"}],"about":[{"href":"https:\/\/miurltemporal.com/main/triatletasenred.sport.es\/wp-json\/wp\/v2\/types\/post"}],"author":[{"embeddable":true,"href":"https:\/\/miurltemporal.com/main/triatletasenred.sport.es\/wp-json\/wp\/v2\/users\/309"}],"replies":[{"embeddable":true,"href":"https:\/\/miurltemporal.com/main/triatletasenred.sport.es\/wp-json\/wp\/v2\/comments?post=65616"}],"version-history":[{"count":0,"href":"https:\/\/miurltemporal.com/main/triatletasenred.sport.es\/wp-json\/wp\/v2\/posts\/65616\/revisions"}],"wp:featuredmedia":[{"embeddable":true,"href":"https:\/\/miurltemporal.com/main/triatletasenred.sport.es\/wp-json\/wp\/v2\/media\/65615"}],"wp:attachment":[{"href":"https:\/\/miurltemporal.com/main/triatletasenred.sport.es\/wp-json\/wp\/v2\/media?parent=65616"}],"wp:term":[{"taxonomy":"category","embeddable":true,"href":"https:\/\/miurltemporal.com/main/triatletasenred.sport.es\/wp-json\/wp\/v2\/categories?post=65616"},{"taxonomy":"post_tag","embeddable":true,"href":"https:\/\/miurltemporal.com/main/triatletasenred.sport.es\/wp-json\/wp\/v2\/tags?post=65616"}],"curies":[{"name":"wp","href":"https:\/\/api.w.org\/{rel}","templated":true}]}}