{"id":65436,"date":"2019-11-25T17:58:27","date_gmt":"2019-11-25T16:58:27","guid":{"rendered":"https:\/\/miurltemporal.com/main/triatletasenred.sport.es\/?p=65436"},"modified":"2019-11-25T17:58:27","modified_gmt":"2019-11-25T16:58:27","slug":"que-hacen-juntos-frodo-macca-daniela-ryf-y-vincenzo-nibali","status":"publish","type":"post","link":"https:\/\/miurltemporal.com/main/triatletasenred.sport.es\/actualidad\/que-hacen-juntos-frodo-macca-daniela-ryf-y-vincenzo-nibali\/","title":{"rendered":"\u00bfQu\u00e9 hacen juntos Frodo, Macca, Daniela Ryf y&#8230;Vincenzo Nibali?"},"content":{"rendered":"<h3 style=\"text-align: justify;\">Jan Frodeno, Chris McCormack, Daniela Rtf y Vincenzo Nibali es una grupeta de miedo \u00bfVerdad? Pues este elenco de estrellas formaron equipo durante 202 kil\u00f3metros por una buena causa.<\/h3>\n<p style=\"text-align: justify;\"><a href=\"https:\/\/www.canyon.com\/es-es\/road-bikes\/triathlon-bikes\/speedmax\/?utm_campaign=Speedmax-ES-May-2019&amp;utm_medium=display&amp;utm_source=triatletasenred\" rel=\"nofollow noopener\" target=\"_blank\"><img fetchpriority=\"high\" decoding=\"async\" class=\"aligncenter size-full wp-image-61192\" src=\"https:\/\/miurltemporal.com/main/triatletasenred.sport.es\/wp-content\/uploads\/Speedmax_ES_gif_728x90px.gif\" alt=\"\" width=\"728\" height=\"90\" \/><\/a><\/p>\n<p style=\"text-align: justify;\">\u00bfTe imaginas ir pedaleando y que de repente te adelanten Frodeno, Ryf y Macca? \u00bfY qu\u00e9 se sumen Vincenzo Nibali, Ronnie Schildknecht o Nino Schurter?<br \/>\nA mi por lo menos me dar\u00eda un &#8220;algo&#8221; de pararme y frotarme los ojos pero esta grupeta nivel DIOS se juntaron el p\u00e1sado fin de semana para recorrer 202 kil\u00f3metros con un fin solidario como era <a href=\"https:\/\/qhubeka.org\" rel=\"nofollow noopener\" target=\"_blank\">recoger fondos para QHUBEKA<\/a>., una organizaci\u00f3n\u00a0que, a trav\u00e9s de la donaci\u00f3n de bicicletas, pretende mejorar la vida de los colectivos m\u00e1s desfavorecidos garantiz\u00e1ndoles un m\u00e9todo de transporte que les permita desplazarse a las escuelas, centros m\u00e9dicos, lugares de trabajo y zonas de dif\u00edcil acceso.<\/p>\n<p style=\"text-align: justify;\">Sin duda una gran causa y una bonita excusa para unir a todas estas grandes estrellas del nuestro deporte.<\/p>\n<p style=\"text-align: justify;\">\n<p style=\"text-align: justify;\">\n","protected":false},"excerpt":{"rendered":"<p>Jan Frodeno, Chris McCormack, Daniela Rtf y Vincenzo Nibali es una grupeta de miedo \u00bfVerdad? Pues este elenco de estrellas formaron equipo durante 202 kil\u00f3metros por una buena causa. \u00bfTe imaginas ir pedaleando y que de repente te adelanten Frodeno, Ryf y Macca? \u00bfY qu\u00e9 se sumen Vincenzo Nibali, Ronnie Schildknecht o Nino Schurter? A [&hellip;]<\/p>\n","protected":false},"author":2,"featured_media":65437,"comment_status":"closed","ping_status":"closed","sticky":false,"template":"","format":"standard","meta":{"_acf_changed":false,"rank_math_lock_modified_date":false,"footnotes":""},"categories":[17,2033],"tags":[1936,7402,7401,4009],"class_list":{"0":"post-65436","1":"post","2":"type-post","3":"status-publish","4":"format-standard","5":"has-post-thumbnail","7":"category-actualidad","8":"category-sport","9":"tag-jan-frodeno","10":"tag-nibali","11":"tag-qhubeka","12":"tag-ryf"},"acf":[],"_links":{"self":[{"href":"https:\/\/miurltemporal.com/main/triatletasenred.sport.es\/wp-json\/wp\/v2\/posts\/65436"}],"collection":[{"href":"https:\/\/miurltemporal.com/main/triatletasenred.sport.es\/wp-json\/wp\/v2\/posts"}],"about":[{"href":"https:\/\/miurltemporal.com/main/triatletasenred.sport.es\/wp-json\/wp\/v2\/types\/post"}],"author":[{"embeddable":true,"href":"https:\/\/miurltemporal.com/main/triatletasenred.sport.es\/wp-json\/wp\/v2\/users\/2"}],"replies":[{"embeddable":true,"href":"https:\/\/miurltemporal.com/main/triatletasenred.sport.es\/wp-json\/wp\/v2\/comments?post=65436"}],"version-history":[{"count":0,"href":"https:\/\/miurltemporal.com/main/triatletasenred.sport.es\/wp-json\/wp\/v2\/posts\/65436\/revisions"}],"wp:featuredmedia":[{"embeddable":true,"href":"https:\/\/miurltemporal.com/main/triatletasenred.sport.es\/wp-json\/wp\/v2\/media\/65437"}],"wp:attachment":[{"href":"https:\/\/miurltemporal.com/main/triatletasenred.sport.es\/wp-json\/wp\/v2\/media?parent=65436"}],"wp:term":[{"taxonomy":"category","embeddable":true,"href":"https:\/\/miurltemporal.com/main/triatletasenred.sport.es\/wp-json\/wp\/v2\/categories?post=65436"},{"taxonomy":"post_tag","embeddable":true,"href":"https:\/\/miurltemporal.com/main/triatletasenred.sport.es\/wp-json\/wp\/v2\/tags?post=65436"}],"curies":[{"name":"wp","href":"https:\/\/api.w.org\/{rel}","templated":true}]}}