{"id":65241,"date":"2019-11-17T21:27:09","date_gmt":"2019-11-17T20:27:09","guid":{"rendered":"https:\/\/miurltemporal.com/main/triatletasenred.sport.es\/?p=65241"},"modified":"2019-11-17T23:52:26","modified_gmt":"2019-11-17T22:52:26","slug":"ciclista-atropellado-blanes","status":"publish","type":"post","link":"https:\/\/miurltemporal.com/main/triatletasenred.sport.es\/actualidad\/ciclista-atropellado-blanes\/","title":{"rendered":"Conductor drogado y borracho atropella mortalmente a ciclista en Blanes"},"content":{"rendered":"<h2 style=\"text-align: justify;\">Sumamos con tristeza otra muerte m\u00e1s en carretera. El acusado ha dado positivo en drogas y alcohol, huyendo del lugar del atropello.<\/h2>\n<p><a href=\"https:\/\/www.inverseteams.com\/es\/ropa-de-triatlon-personalizada?utm_source=Triatletas%20En%20Red&amp;utm_medium=banner%20Triatletas%20En%20Red&amp;utm_campaign=Banner%20roba%20personalitzada%20Triatletas%20en%20Red%202019&amp;utm_term=Banner%20roba%20personalitzada%20Triatletas%20en%20Red%202019&amp;utm_content=Banner%20roba%20personalitzada%20Triatletas%20en%20Red%202019\" rel=\"nofollow noopener\" target=\"_blank\"><img fetchpriority=\"high\" decoding=\"async\" class=\"aligncenter size-full wp-image-63948\" src=\"https:\/\/miurltemporal.com/main/triatletasenred.sport.es\/wp-content\/uploads\/BANNER_triatletasenred_2019-1.gif\" alt=\"\" width=\"750\" height=\"150\" \/><\/a><\/p>\n<p style=\"text-align: justify;\">Cerramos el fin de semana de la peor manera posible. <strong>Otra vida sesgada en carretera<\/strong>, en este caso la tragedia ha sucedido en el t\u00e9rmino de <strong>Palafolls<\/strong>, concretamente en la <strong>carretera B-682.\u00a0<\/strong>El\u00a0<strong>ciclista de 52 a\u00f1os\u00a0<\/strong>regresaba a casa despu\u00e9s de su jornada laboral cuando a las<strong> 06:30h del s\u00e1bado <\/strong>era arrollado por el conductor del veh\u00edculo, <strong>perdiendo la vida <\/strong>por las lesiones ocasionadas fruto del atropello.<\/p>\n<p style=\"text-align: justify;\">Adem\u00e1s, como ocurre tantas otras veces el conductor del veh\u00edculo, un <strong>joven de 22 a\u00f1os<\/strong>, ha dado <strong>positivo en alcohol y drogas<\/strong>, huyendo del lugar de los hechos <strong>sin auxiliar a la v\u00edctima.<\/strong><\/p>\n<p style=\"text-align: justify;\">La<strong> detenci\u00f3n<\/strong> se ha producido en Blanes (Selva), por la unidad de Polic\u00eda Local, pasando a disposici\u00f3n judicial acusado de<strong> homicidio imprudente<\/strong>, <strong>omisi\u00f3n en el deber de socorro<\/strong> y <strong>delito contra la seguridad vial<\/strong>. Los <strong>da\u00f1os ocasionados en el lateral<\/strong> y los <strong>restos de comida<\/strong> que hab\u00eda en el cap\u00f3 han facilitado la detenci\u00f3n del presunto homicida, que conduc\u00eda por el municipio a poca velocidad y con la cabeza por fuera de la ventanilla.<\/p>\n<p style=\"text-align: justify;\">La horrible mezcla de alcohol, drogas, inconsciencia al volante y mucha cobard\u00eda ofrece como resultado una v\u00edctima m\u00e1s del colectivo ciclista en Espa\u00f1a. \u00bfHasta cu\u00e1ndo?<\/p>\n<p>&nbsp;<\/p>\n","protected":false},"excerpt":{"rendered":"<p>Sumamos con tristeza otra muerte m\u00e1s en carretera. El acusado ha dado positivo en drogas y alcohol, huyendo del lugar del atropello. Cerramos el fin de semana de la peor manera posible. Otra vida sesgada en carretera, en este caso la tragedia ha sucedido en el t\u00e9rmino de Palafolls, concretamente en la carretera B-682.\u00a0El\u00a0ciclista de [&hellip;]<\/p>\n","protected":false},"author":294,"featured_media":57478,"comment_status":"closed","ping_status":"closed","sticky":false,"template":"","format":"standard","meta":{"_acf_changed":false,"rank_math_lock_modified_date":false,"footnotes":""},"categories":[17,2033],"tags":[4891,7341,7340],"class_list":{"0":"post-65241","1":"post","2":"type-post","3":"status-publish","4":"format-standard","5":"has-post-thumbnail","7":"category-actualidad","8":"category-sport","9":"tag-atropello","10":"tag-muerte-en-carretera","11":"tag-palafolls"},"acf":[],"_links":{"self":[{"href":"https:\/\/miurltemporal.com/main/triatletasenred.sport.es\/wp-json\/wp\/v2\/posts\/65241"}],"collection":[{"href":"https:\/\/miurltemporal.com/main/triatletasenred.sport.es\/wp-json\/wp\/v2\/posts"}],"about":[{"href":"https:\/\/miurltemporal.com/main/triatletasenred.sport.es\/wp-json\/wp\/v2\/types\/post"}],"author":[{"embeddable":true,"href":"https:\/\/miurltemporal.com/main/triatletasenred.sport.es\/wp-json\/wp\/v2\/users\/294"}],"replies":[{"embeddable":true,"href":"https:\/\/miurltemporal.com/main/triatletasenred.sport.es\/wp-json\/wp\/v2\/comments?post=65241"}],"version-history":[{"count":0,"href":"https:\/\/miurltemporal.com/main/triatletasenred.sport.es\/wp-json\/wp\/v2\/posts\/65241\/revisions"}],"wp:featuredmedia":[{"embeddable":true,"href":"https:\/\/miurltemporal.com/main/triatletasenred.sport.es\/wp-json\/wp\/v2\/media\/57478"}],"wp:attachment":[{"href":"https:\/\/miurltemporal.com/main/triatletasenred.sport.es\/wp-json\/wp\/v2\/media?parent=65241"}],"wp:term":[{"taxonomy":"category","embeddable":true,"href":"https:\/\/miurltemporal.com/main/triatletasenred.sport.es\/wp-json\/wp\/v2\/categories?post=65241"},{"taxonomy":"post_tag","embeddable":true,"href":"https:\/\/miurltemporal.com/main/triatletasenred.sport.es\/wp-json\/wp\/v2\/tags?post=65241"}],"curies":[{"name":"wp","href":"https:\/\/api.w.org\/{rel}","templated":true}]}}