{"id":65240,"date":"2019-11-17T20:44:53","date_gmt":"2019-11-17T19:44:53","guid":{"rendered":"https:\/\/miurltemporal.com/main/triatletasenred.sport.es\/?p=65240"},"modified":"2019-11-17T20:45:19","modified_gmt":"2019-11-17T19:45:19","slug":"fallece-oliver-hernandez","status":"publish","type":"post","link":"https:\/\/miurltemporal.com/main/triatletasenred.sport.es\/actualidad\/fallece-oliver-hernandez\/","title":{"rendered":"Fallece, v\u00edctima de un c\u00e1ncer, el triatleta vasco Oliver Hern\u00e1ndez"},"content":{"rendered":"<h3>Tras m\u00e1s de 3 a\u00f1os batallando con el c\u00e1ncer, el triatleta vasco Oliver Hern\u00e1ndez Estrella ha dejado hoy, a sus 39 a\u00f1os, un vacio en nuestro deporte.<\/h3>\n<p><a href=\"https:\/\/www.finisher.es\" rel=\"nofollow noopener\" target=\"_blank\"><img fetchpriority=\"high\" decoding=\"async\" class=\"aligncenter size-full wp-image-65225\" src=\"https:\/\/miurltemporal.com/main/triatletasenred.sport.es\/wp-content\/uploads\/banner_finisher_articles.gif\" alt=\"\" width=\"700\" height=\"150\" \/><\/a><br \/>\nHern\u00e1ndez cosecho <strong>dos podios en las dos primeras ediciones del Triatl\u00f3n de Salamanca<\/strong> y tras esa segunda edici\u00f3n recibi\u00f3 la noticia: un c\u00e1ncer de huesos que, al parecer, irradiaba desde el f\u00e9mur.<\/p>\n<p><img decoding=\"async\" class=\"alignleft \" src=\"https:\/\/scontent-mad1-1.xx.fbcdn.net\/v\/t1.0-9\/s960x960\/70120831_2475980382531104_1469976531563446272_o.jpg?_nc_cat=111&amp;_nc_oc=AQlx2wT9NHxWctchNMSLIxxej1xnJYuYVoSXoNQFsJ7lgp5jjmwuEEfvuCrrBQUcHB0&amp;_nc_ht=scontent-mad1-1.xx&amp;oh=36f093e33d87be82c59749e2187073ca&amp;oe=5E57911B\" width=\"165\" height=\"302\" \/>Desde entonces sus allegados saben que Oliver Hern\u00e1ndez &#8220;Oli&#8221; pele\u00f3 hasta el \u00faltimo momento por recuperar la salud y volver a disfrutar del deporte, una actitud ejemplar para todos los que le conoc\u00edan y en especial para su mujer y sus dos hijos.<\/p>\n<p>&#8221; <em><strong>\u00a1Te recordaremos, en primera fila, igual en el deporte como en la vida!<\/strong><\/em> &#8221; reza en la p\u00e1gina en facebook del club <span class=\"fwn fcg\"><span class=\"fwb fcg\" data-ft=\"{&quot;tn&quot;:&quot;;&quot;}\"><a title=\"Antxintxika Triatloi Taldea\" href=\"https:\/\/www.facebook.com\/antxintxika.triatloitaldea?__tn__=%2CdC-R-R&amp;eid=ARAnhSOemKHI43yA4K7lu5E8OgoknGIUfhVrZgIAG0_PUeZddN8aKkBaMvkEbHoEt7LJwZHQ0yJ8kYzJ&amp;hc_ref=ARS_KUuWWQ3eiBxyI50zhFFUoD2RRDCLJBr-RlU56bHC2J81NeOzuN4Q5m0OVetHv6w&amp;fref=nf\" data-hovercard=\"\/main/triatletasenred.sport.es/ajax\/hovercard\/user.php?id=100003574998393&amp;extragetparams=%7B%22__tn__%22%3A%22%2CdC-R-R%22%2C%22eid%22%3A%22ARAnhSOemKHI43yA4K7lu5E8OgoknGIUfhVrZgIAG0_PUeZddN8aKkBaMvkEbHoEt7LJwZHQ0yJ8kYzJ%22%2C%22hc_ref%22%3A%22ARS_KUuWWQ3eiBxyI50zhFFUoD2RRDCLJBr-RlU56bHC2J81NeOzuN4Q5m0OVetHv6w%22%2C%22fref%22%3A%22nf%22%7D\" data-hovercard-prefer-more-content-show=\"1\" data-hovercard-referer=\"ARS_KUuWWQ3eiBxyI50zhFFUoD2RRDCLJBr-RlU56bHC2J81NeOzuN4Q5m0OVetHv6w\" rel=\"nofollow noopener\" target=\"_blank\">Antxintxika Triatloi Taldea<\/a><\/span><\/span><\/p>\n<p>La triste noticia se ha difundido r\u00e1pidamente por las redes sociales con innumerables muestras de cari\u00f1o y de apoyo a la familia del fallecido a las que obviamente nos sumamos desde el equipo de redacci\u00f3n de triatletasenred.com<\/p>\n<p><em>DEP Oliver Hern\u00e1ndez Estrella, &#8220;OLI&#8221;<\/em><\/p>\n","protected":false},"excerpt":{"rendered":"<p>Tras m\u00e1s de 3 a\u00f1os batallando con el c\u00e1ncer, el triatleta vasco Oliver Hern\u00e1ndez Estrella ha dejado hoy, a sus 39 a\u00f1os, un vacio en nuestro deporte. Hern\u00e1ndez cosecho dos podios en las dos primeras ediciones del Triatl\u00f3n de Salamanca y tras esa segunda edici\u00f3n recibi\u00f3 la noticia: un c\u00e1ncer de huesos que, al parecer, [&hellip;]<\/p>\n","protected":false},"author":2,"featured_media":3158,"comment_status":"closed","ping_status":"closed","sticky":false,"template":"","format":"standard","meta":{"_acf_changed":false,"rank_math_lock_modified_date":false,"footnotes":""},"categories":[17,2033],"tags":[7339],"class_list":{"0":"post-65240","1":"post","2":"type-post","3":"status-publish","4":"format-standard","5":"has-post-thumbnail","7":"category-actualidad","8":"category-sport","9":"tag-oliver-hernandez-estrella"},"acf":[],"_links":{"self":[{"href":"https:\/\/miurltemporal.com/main/triatletasenred.sport.es\/wp-json\/wp\/v2\/posts\/65240"}],"collection":[{"href":"https:\/\/miurltemporal.com/main/triatletasenred.sport.es\/wp-json\/wp\/v2\/posts"}],"about":[{"href":"https:\/\/miurltemporal.com/main/triatletasenred.sport.es\/wp-json\/wp\/v2\/types\/post"}],"author":[{"embeddable":true,"href":"https:\/\/miurltemporal.com/main/triatletasenred.sport.es\/wp-json\/wp\/v2\/users\/2"}],"replies":[{"embeddable":true,"href":"https:\/\/miurltemporal.com/main/triatletasenred.sport.es\/wp-json\/wp\/v2\/comments?post=65240"}],"version-history":[{"count":0,"href":"https:\/\/miurltemporal.com/main/triatletasenred.sport.es\/wp-json\/wp\/v2\/posts\/65240\/revisions"}],"wp:featuredmedia":[{"embeddable":true,"href":"https:\/\/miurltemporal.com/main/triatletasenred.sport.es\/wp-json\/wp\/v2\/media\/3158"}],"wp:attachment":[{"href":"https:\/\/miurltemporal.com/main/triatletasenred.sport.es\/wp-json\/wp\/v2\/media?parent=65240"}],"wp:term":[{"taxonomy":"category","embeddable":true,"href":"https:\/\/miurltemporal.com/main/triatletasenred.sport.es\/wp-json\/wp\/v2\/categories?post=65240"},{"taxonomy":"post_tag","embeddable":true,"href":"https:\/\/miurltemporal.com/main/triatletasenred.sport.es\/wp-json\/wp\/v2\/tags?post=65240"}],"curies":[{"name":"wp","href":"https:\/\/api.w.org\/{rel}","templated":true}]}}