{"id":65170,"date":"2019-11-11T07:01:00","date_gmt":"2019-11-11T06:01:00","guid":{"rendered":"https:\/\/miurltemporal.com/main/triatletasenred.sport.es\/?p=65170"},"modified":"2019-11-11T05:31:58","modified_gmt":"2019-11-11T04:31:58","slug":"el-triunfo-mas-especial-para-andrea-hewitt","status":"publish","type":"post","link":"https:\/\/miurltemporal.com/main/triatletasenred.sport.es\/actualidad\/el-triunfo-mas-especial-para-andrea-hewitt\/","title":{"rendered":"El triunfo m\u00e1s especial para Andrea Hewitt"},"content":{"rendered":"<h3>Ayer se cumpl\u00edan 4 a\u00f1os del triste d\u00eda en que el mundo del triatl\u00f3n perdi\u00f3 a Laurent Vidal, marido de la neozelandesa, que le dedico su victoria en tierras puertorrique\u00f1as<\/h3>\n<p><img fetchpriority=\"high\" decoding=\"async\" class=\"aligncenter wp-image-63948 size-full\" src=\"https:\/\/miurltemporal.com/main/triatletasenred.sport.es\/wp-content\/uploads\/BANNER_triatletasenred_2019-1.gif\" alt=\"\" width=\"750\" height=\"150\" \/><\/p>\n<p>&#8216;<em>&#8216;I\u2019M NOT RETIRED&#8221;\u00a0<\/em>publicaba <strong>Hewitt<\/strong> en su Instagram como pie de foto de la instant\u00e1nea que la mostraba entrando en meta y llev\u00e1ndose consigo un oro internacional con el que deja claro que <strong>Andrea<\/strong> est\u00e1 m\u00e1s que preparada para volver al m\u00e1s alto nivel, si bien lleva todo el a\u00f1o <em>out\u00a0<\/em>de las carreras de primer nivel.<\/p>\n<p>Sin embargo, la carga emocional del logro no viene s\u00f3lo marcado por su retorno en lo m\u00e1s alto, sino que aguarda un sentimiento\u00a0<em>in memoriam\u00a0<\/em>del gran triatleta franc\u00e9s <strong>Laurent Vidal.<\/strong><\/p>\n<p><strong>Vidal<\/strong> es una leyenda, al que se le recuerda con mucho cari\u00f1o dentro del trideporte, ya que los que lo conoc\u00edan, cuentan delicias del trato personal con el natural de S\u00e8te. El joven triatleta muri\u00f3 a causa de un paro card\u00edaco el d\u00eda 10 de noviembre de 2015, as\u00ed que podemos deducir que la neozelandesa corri\u00f3 la carrera de Santo Domingo con el coraz\u00f3n en el pu\u00f1o, dado que el galo merec\u00eda el mejor de los honores. Y <strong>Andrea<\/strong> no fall\u00f3.<\/p>\n<div class=\"tlid-results-container results-container\">\n<div class=\"tlid-result result-dict-wrapper\">\n<div class=\"result tlid-copy-target\">\n<div class=\"text-wrap tlid-copy-target\">\n<div class=\"result-shield-container tlid-copy-target\" tabindex=\"0\"><span class=\"tlid-translation translation\" lang=\"es\"><span class=\"\" title=\"\">La Kiwi, cuya \u00faltima victoria fue en la Series Mundiales de Gold Coast en 2017, parec\u00eda aturdida y emocionada al terminar la contienda, a\u00fan asimilando lo que acababa de suceder. Nos lo cuenta ella al cruzar la meta:<\/span><\/span><\/div>\n<div tabindex=\"0\"><\/div>\n<div class=\"result-shield-container tlid-copy-target\" tabindex=\"0\"><span class=\"tlid-translation translation\" lang=\"es\"><span title=\"\">\u201cHa sido una locura correr all\u00ed afuera.<\/span> <span title=\"\">No sab\u00eda que <strong>Taylor<\/strong> (<strong>Knibb<\/strong>) ten\u00eda un penalizaci\u00f3n de 15 segundos.<\/span> <span class=\"\" title=\"\">No supe hasta ese \u00faltimo giro que la vi en el \u00e1rea de <em>penalty<\/em>.<\/span> <span title=\"\">Estaba en tercer lugar cuando quedaba menos de la mitad de la carrera, y ten\u00eda dos chicas pegadas a mi espalda.<\/span> <span title=\"\">Estaba corriendo para hacer podio pero a\u00fan no s\u00e9 c\u00f3mo me encontr\u00e9 frente a la cinta de meta.&#8221;<\/span><\/span><\/div>\n<div tabindex=\"0\"><\/div>\n<div class=\"result-shield-container tlid-copy-target\" tabindex=\"0\"><span class=\"tlid-translation translation\" lang=\"es\"><span title=\"\"><strong>Hewitt<\/strong> a\u00f1ad\u00eda entre unas inevitables l\u00e1grimas <\/span><span class=\"\" title=\"\">&#8220;Para m\u00ed es una locura tambi\u00e9n tener que celebrar esta victoria en un d\u00eda como hoy, porque es el aniversario del d\u00eda m\u00e1s triste de mi vida&#8221;.<\/span><\/span><\/div>\n<\/div>\n<\/div>\n<\/div>\n<\/div>\n<div tabindex=\"0\"><\/div>\n<div tabindex=\"0\">Sin duda, <strong>Laurent<\/strong> no podr\u00eda haber pedido un mejor homenaje para su recuerdo, gran gesta de la maor\u00ed.<\/div>\n<div class=\"tlid-results-container results-container\">\n<div class=\"tlid-result result-dict-wrapper\">\n<div class=\"result tlid-copy-target\">\n<div class=\"text-wrap tlid-copy-target\">\n<div tabindex=\"0\"><\/div>\n<\/div>\n<\/div>\n<\/div>\n<\/div>\n","protected":false},"excerpt":{"rendered":"<p>Ayer se cumpl\u00edan 4 a\u00f1os del triste d\u00eda en que el mundo del triatl\u00f3n perdi\u00f3 a Laurent Vidal, marido de la neozelandesa, que le dedico su victoria en tierras puertorrique\u00f1as &#8216;&#8216;I\u2019M NOT RETIRED&#8221;\u00a0publicaba Hewitt en su Instagram como pie de foto de la instant\u00e1nea que la mostraba entrando en meta y llev\u00e1ndose consigo un oro [&hellip;]<\/p>\n","protected":false},"author":309,"featured_media":65171,"comment_status":"closed","ping_status":"closed","sticky":false,"template":"","format":"standard","meta":{"_acf_changed":false,"rank_math_lock_modified_date":false,"footnotes":""},"categories":[17,1191],"tags":[3834,3829,7322],"class_list":{"0":"post-65170","1":"post","2":"type-post","3":"status-publish","4":"format-standard","5":"has-post-thumbnail","7":"category-actualidad","8":"category-triatlon","9":"tag-andrea-hewitt","10":"tag-laurent-vidal","11":"tag-wc-santo-domingo"},"acf":[],"_links":{"self":[{"href":"https:\/\/miurltemporal.com/main/triatletasenred.sport.es\/wp-json\/wp\/v2\/posts\/65170"}],"collection":[{"href":"https:\/\/miurltemporal.com/main/triatletasenred.sport.es\/wp-json\/wp\/v2\/posts"}],"about":[{"href":"https:\/\/miurltemporal.com/main/triatletasenred.sport.es\/wp-json\/wp\/v2\/types\/post"}],"author":[{"embeddable":true,"href":"https:\/\/miurltemporal.com/main/triatletasenred.sport.es\/wp-json\/wp\/v2\/users\/309"}],"replies":[{"embeddable":true,"href":"https:\/\/miurltemporal.com/main/triatletasenred.sport.es\/wp-json\/wp\/v2\/comments?post=65170"}],"version-history":[{"count":0,"href":"https:\/\/miurltemporal.com/main/triatletasenred.sport.es\/wp-json\/wp\/v2\/posts\/65170\/revisions"}],"wp:featuredmedia":[{"embeddable":true,"href":"https:\/\/miurltemporal.com/main/triatletasenred.sport.es\/wp-json\/wp\/v2\/media\/65171"}],"wp:attachment":[{"href":"https:\/\/miurltemporal.com/main/triatletasenred.sport.es\/wp-json\/wp\/v2\/media?parent=65170"}],"wp:term":[{"taxonomy":"category","embeddable":true,"href":"https:\/\/miurltemporal.com/main/triatletasenred.sport.es\/wp-json\/wp\/v2\/categories?post=65170"},{"taxonomy":"post_tag","embeddable":true,"href":"https:\/\/miurltemporal.com/main/triatletasenred.sport.es\/wp-json\/wp\/v2\/tags?post=65170"}],"curies":[{"name":"wp","href":"https:\/\/api.w.org\/{rel}","templated":true}]}}