{"id":65166,"date":"2019-11-10T18:27:05","date_gmt":"2019-11-10T17:27:05","guid":{"rendered":"https:\/\/miurltemporal.com/main/triatletasenred.sport.es\/?p=65166"},"modified":"2019-11-10T18:33:26","modified_gmt":"2019-11-10T17:33:26","slug":"anna-godoy-4a-en-wc-santo-domingo","status":"publish","type":"post","link":"https:\/\/miurltemporal.com/main/triatletasenred.sport.es\/actualidad\/anna-godoy-4a-en-wc-santo-domingo\/","title":{"rendered":"Anna Godoy 4\u00aa en WC Santo Domingo"},"content":{"rendered":"<h3>La prueba que fue vencida por Andrea Hewitt y Matt McElroy<\/h3>\n<p><img fetchpriority=\"high\" decoding=\"async\" class=\"aligncenter size-full wp-image-63948\" src=\"https:\/\/miurltemporal.com/main/triatletasenred.sport.es\/wp-content\/uploads\/BANNER_triatletasenred_2019-1.gif\" alt=\"\" width=\"750\" height=\"150\" \/><\/p>\n<p>La jornada auguraba calor y condiciones muy duras para la disputa de la que iba a ser la \u00faltima prueba del calendario.<\/p>\n<p>El segmento acu\u00e1tico dejaba a <strong>Bragmayer<\/strong> al frente de los 1500m, con un gran grupo estirado en el que entraban la mayor\u00eda de las favoritas, entre las cuales estaba <strong>Anna<\/strong> <strong>Godoy.\u00a0<\/strong><\/p>\n<p>El ritmo de las primeras pedaladas era muy exigente puesto que los intereses en romper la carrera eran importantes. Por detr\u00e1s eran <strong>Tamara,<\/strong>\u00a0<strong>Xisca<\/strong> y <strong>Ueda<\/strong> las que colaboraban para dar caza, aunque las diferencias aumentaban ya que el empuje de<strong>\u00a0Knibb, Kramer y<\/strong>\u00a0<strong>Andrea<\/strong> <strong>Hewitt, <\/strong>y una valiente <strong>B\u00e1rbara<\/strong>\u00a0<strong>Riveros<\/strong> que llegaba a intentar la escapada, era importante.<\/p>\n<p>La diferencia en T2 aumenta hasta el minuto y medio con el grupo perseguidor de m\u00e1s de veinte unidades. Dada la alta humedad y temperaturas, el tramo a pie fue recortado a un 5k, puesto que las diferencias fueron definitivas.<\/p>\n<p>Era la estadounidense <strong>Knibb<\/strong> que sal\u00eda muy fuerte con intenciones serias de llevarse la carrera, pero un penalty box la alejaba de ello, momento que <strong>Hewitt<\/strong> aprovechaba para coger cabeza de carrera y no dejarla hasta la meta. Segunda es Knibb a escasos cinco segundos y Claudia Rivas es tercera a 16&#8243;. Anna Godoy aguanta con una buena carrera a pie para ser 4\u00aa consiguiendo buenos puntos para el ranking.<\/p>\n<p>En categor\u00eda masculina el ganador es <strong>McElroy<\/strong> que cierra una gran temporada internacional, <strong>McDowell<\/strong> segundo y <strong>Pearson.\u00a0<\/strong>En este caso si se disput\u00f3 el 10k a pie.<\/p>\n<p><strong>Cameron Wurf<\/strong> entr\u00f3 pen\u00faltimo (47\u00ba) a meta salvando el <em>lap,<\/em> despu\u00e9s de perder 3&#8242; en el agua y recuperar algo de tiempo en bici, se baj\u00f3 a correr reventado.<\/p>\n","protected":false},"excerpt":{"rendered":"<p>La prueba que fue vencida por Andrea Hewitt y Matt McElroy La jornada auguraba calor y condiciones muy duras para la disputa de la que iba a ser la \u00faltima prueba del calendario. El segmento acu\u00e1tico dejaba a Bragmayer al frente de los 1500m, con un gran grupo estirado en el que entraban la mayor\u00eda [&hellip;]<\/p>\n","protected":false},"author":309,"featured_media":62633,"comment_status":"closed","ping_status":"closed","sticky":false,"template":"","format":"standard","meta":{"_acf_changed":false,"rank_math_lock_modified_date":false,"footnotes":""},"categories":[17,19,2033,1191],"tags":[3834,299,7323,7322],"class_list":{"0":"post-65166","1":"post","2":"type-post","3":"status-publish","4":"format-standard","5":"has-post-thumbnail","7":"category-actualidad","8":"category-competiciones","9":"category-sport","10":"category-triatlon","11":"tag-andrea-hewitt","12":"tag-anna-godoy","13":"tag-matt-mcelroy","14":"tag-wc-santo-domingo"},"acf":[],"_links":{"self":[{"href":"https:\/\/miurltemporal.com/main/triatletasenred.sport.es\/wp-json\/wp\/v2\/posts\/65166"}],"collection":[{"href":"https:\/\/miurltemporal.com/main/triatletasenred.sport.es\/wp-json\/wp\/v2\/posts"}],"about":[{"href":"https:\/\/miurltemporal.com/main/triatletasenred.sport.es\/wp-json\/wp\/v2\/types\/post"}],"author":[{"embeddable":true,"href":"https:\/\/miurltemporal.com/main/triatletasenred.sport.es\/wp-json\/wp\/v2\/users\/309"}],"replies":[{"embeddable":true,"href":"https:\/\/miurltemporal.com/main/triatletasenred.sport.es\/wp-json\/wp\/v2\/comments?post=65166"}],"version-history":[{"count":0,"href":"https:\/\/miurltemporal.com/main/triatletasenred.sport.es\/wp-json\/wp\/v2\/posts\/65166\/revisions"}],"wp:featuredmedia":[{"embeddable":true,"href":"https:\/\/miurltemporal.com/main/triatletasenred.sport.es\/wp-json\/wp\/v2\/media\/62633"}],"wp:attachment":[{"href":"https:\/\/miurltemporal.com/main/triatletasenred.sport.es\/wp-json\/wp\/v2\/media?parent=65166"}],"wp:term":[{"taxonomy":"category","embeddable":true,"href":"https:\/\/miurltemporal.com/main/triatletasenred.sport.es\/wp-json\/wp\/v2\/categories?post=65166"},{"taxonomy":"post_tag","embeddable":true,"href":"https:\/\/miurltemporal.com/main/triatletasenred.sport.es\/wp-json\/wp\/v2\/tags?post=65166"}],"curies":[{"name":"wp","href":"https:\/\/api.w.org\/{rel}","templated":true}]}}