{"id":65052,"date":"2019-11-04T07:00:11","date_gmt":"2019-11-04T06:00:11","guid":{"rendered":"https:\/\/miurltemporal.com/main/triatletasenred.sport.es\/?p=65052"},"modified":"2019-11-04T01:23:43","modified_gmt":"2019-11-04T00:23:43","slug":"entrevista-a-dani-molina-el-sueno-olimpico","status":"publish","type":"post","link":"https:\/\/miurltemporal.com/main/triatletasenred.sport.es\/actualidad\/entrevista-a-dani-molina-el-sueno-olimpico\/","title":{"rendered":"Entrevista a Dani Molina, el sue\u00f1o ol\u00edmpico"},"content":{"rendered":"<h3><strong>\u201cSi mi categor\u00eda fuese paral\u00edmpica, estar\u00eda clasificado hace tiempo para Tokio\u201d<\/strong><\/h3>\n<p><a href=\"https:\/\/nutrisport.es\/\" rel=\"nofollow noopener\" target=\"_blank\"><img fetchpriority=\"high\" decoding=\"async\" class=\"aligncenter size-full wp-image-57465\" src=\"https:\/\/miurltemporal.com/main/triatletasenred.sport.es\/wp-content\/uploads\/BannerTriatl\u00f3n-750x100.jpg\" alt=\"\" width=\"750\" height=\"100\" srcset=\"https:\/\/miurltemporal.com/main/triatletasenred.sport.es\/wp-content\/uploads\/BannerTriatl\u00f3n-750x100.jpg 750w, https:\/\/miurltemporal.com/main/triatletasenred.sport.es\/wp-content\/uploads\/BannerTriatl\u00f3n-750x100-700x93.jpg 700w, https:\/\/miurltemporal.com/main/triatletasenred.sport.es\/wp-content\/uploads\/BannerTriatl\u00f3n-750x100-300x40.jpg 300w\" sizes=\"(max-width: 750px) 100vw, 750px\" \/><\/a><\/p>\n<p><strong>Dani Molina<\/strong> es uno de esos deportistas que no se rinden nunca y que no dejan de plantearse metas y objetivos. A sus 45 a\u00f1os y en uno de sus mejores momentos deportivos, incluso se permite so\u00f1ar con estar en los Juegos Paral\u00edmpicos de Tokio 2020. Aunque su categor\u00eda en triatl\u00f3n (PTS3) ha sido excluida del programa paral\u00edmpico, <strong>Dani<\/strong> pelea por poder clasificarse con un sistema alternativo, compitiendo con otras categor\u00edas.<\/p>\n<p>Para <strong>Molina<\/strong> el deporte siempre ha sido importante en su vida, pero un accidente de moto lo cambi\u00f3 todo en su vida. Perdi\u00f3 la pierna derecha por debajo de la rodilla, pas\u00f3 por 14 operaciones y un a\u00f1o de recuperaci\u00f3n hasta poder volver a caminar. Despu\u00e9s decidi\u00f3 volver a nadar como hac\u00eda de peque\u00f1o, retom\u00f3 el windsurf y se inici\u00f3 en el esqu\u00ed. El deporte comenz\u00f3 a ser el centro de su vida y empez\u00f3 a practicar triatl\u00f3n. Ha conseguido ser tres veces consecutivas campe\u00f3n del Mundo, de Europa y de Espa\u00f1a, y tiene un largo palmar\u00e9s en este deporte.<\/p>\n<p><strong>Dani Molina<\/strong> es uno de los deportistas integrantes de Patrocina un Deportista. Una iniciativa privada mediante la cual las empresas pueden estar presentes en el deporte de \u00e9lite, apoyando a m\u00e1s de 20 deportistas de disciplinas ol\u00edmpicas y paral\u00edmpicas individuales en su preparaci\u00f3n para Tokio 2020.<\/p>\n<p><strong><em>Ahora que has terminado la temporada 2019, \u00bfc\u00f3mo la definir\u00edas? \u00bfHas alcanzado los objetivos planteados?<\/em><\/strong><\/p>\n<p>Creo que ha sido una buena temporada\u2026 muy buena. Hemos vuelto a ganar el Mundial y el Europeo por tercer a\u00f1o consecutivo. Tambi\u00e9n una prueba de las Series Mundiales de Paratriatl\u00f3n y dos Copas del Mundo de Paratriatl\u00f3n, adem\u00e1s del Mundial de Duatl\u00f3n. Y estamos luchando por clasificarnos para Tokio 2020, aunque es algo muy dif\u00edcil.<\/p>\n<p><strong><em>\u00bfCu\u00e1l ha sido la mejor y peor competici\u00f3n del a\u00f1o? \u00bfCon qu\u00e9 momento de la temporada te quedas?<\/em><\/strong><\/p>\n<p>Creo que mi mejor carrera fue la Copa del Mundo de Banyoles y la peor la Serie Mundial de Montreal. Me quedo con el Mundial de Lausanne, aunque no fue mi mejor carrera\u2026 pero ganar un Mundial siempre es bonito.<\/p>\n<p><strong><em>Este a\u00f1o has cumplido 45 a\u00f1os, \u00bfcrees que est\u00e1s en tu mejor momento en tu carrera deportiva?<\/em><\/strong><\/p>\n<p>S\u00ed, creo que s\u00ed\u2026 o por lo menos esa es la sensaci\u00f3n que tengo. Pienso que queda Dani Molina para rato.<\/p>\n<p><strong><em>El pr\u00f3ximo a\u00f1o es un a\u00f1o muy importante para cualquier deportista de \u00e9lite, es a\u00f1o ol\u00edmpico. \u00bfEsperas estar en los Juegos Paral\u00edmpicos de Tokio? \u00bfC\u00f3mo va el sistema clasificatorio en triatl\u00f3n?<\/em><\/strong><\/p>\n<p>Estar en Tokio ser\u00eda un sue\u00f1o cumplido, pero siendo realistas creo que ser\u00e1 muy complicado llegar. Mi categor\u00eda no es paral\u00edmpica en Tokio \u2013Dani compite en PTS3- pero nos dan la posibilidad de intentar clasificarnos en una categor\u00eda superior (PTS4). Es decir, compitiendo con triatletas con menos discapacidad y eso lo complica mucho. Creo que si mi categor\u00eda fuera paral\u00edmpica estar\u00eda clasificado hace tiempo y todo ser\u00eda mucho m\u00e1s f\u00e1cil\u2026<\/p>\n<p>El sistema de clasificaci\u00f3n consiste es que te punt\u00faan los tres mejores resultados de todas las pruebas que corras. Ahora mismo estamos entre los 15 primeros y solo se clasifican 9. Por eso la pr\u00f3xima temporada ser\u00e1 muy importante.<\/p>\n<p><strong><em>Has sido campe\u00f3n del Mundo, de Europa y de Espa\u00f1a en varias ocasiones. \u00bfQu\u00e9 sue\u00f1o te queda por cumplir?<\/em><\/strong><\/p>\n<p>Volver a unos Juegos Paral\u00edmpicos \u2013Dani particip\u00f3 en los JJPP Atenas 2004 en nataci\u00f3n- y ganar una medalla. Pero eso de momento es eso, un sue\u00f1o.<\/p>\n<p><strong><em>\u00bfC\u00f3mo compaginas tu vida como deportista de \u00e9lite (competiciones, viajes, concentraciones\u2026) con tu vida personal? \u00bfSacrificas muchas cosas por dedicarte de lleno al mundo del deporte?<\/em><\/strong><\/p>\n<p>Lo llevo bien, entreno por las ma\u00f1anas y por las tardes cuido de mi hijo. Los fines de semana aprovecho para entrenar un poco m\u00e1s. Es complicado compaginarlo pero se consigue gracias al apoyo de la familia y sobre todo de mi mujer. El deporte de \u00e9lite es muy sacrificado, hay que dedicarle mucho tiempo. Y ya no solo por entrenar, sino que hay que descansar y recuperar bien.<\/p>\n<p><strong><em>\u00bfC\u00f3mo de importante han sido tus patrocinadores durante este a\u00f1o de competici\u00f3n? <\/em><\/strong><\/p>\n<p>Contar con buenos patrocinadores es important\u00edsimo en la carrera de cualquier deportista profesional. Sin ellos ser\u00eda imposible hacer lo que hacemos. Durante una temporada hay muchos viajes y eso conlleva gastos en aviones, hoteles, comidas\u2026 Contar con ese apoyo facilita todo much\u00edsimo.<\/p>\n<p>&nbsp;<\/p>\n<p><strong>\u00a0<\/strong><\/p>\n<p><strong>\u00a0<\/strong><\/p>\n<p><strong>\u00a0<\/strong><\/p>\n<p><strong>\u00a0<\/strong><\/p>\n<p><strong>\u00a0<\/strong><\/p>\n<p><strong>\u00a0<\/strong><\/p>\n<p><strong>\u00a0<\/strong><\/p>\n<p><strong>\u00a0<\/strong><\/p>\n<p><strong>Para m\u00e1s informaci\u00f3n:<\/strong><\/p>\n<p>Juli\u00e1n Casas (CEO): 629 771 167<\/p>\n<p>B\u00e1rbara Romero (Comunicaci\u00f3n y Social Media): 651 699 222<\/p>\n<p><a href=\"mailto:bromero@patrocinaundeportista.com\">bromero@patrocinaundeportista.com<\/a><\/p>\n<p><a href=\"http:\/\/www.patrocinaundeportista.com\" rel=\"nofollow noopener\" target=\"_blank\">www.patrocinaundeportista.com<\/a><\/p>\n<p>&nbsp;<\/p>\n","protected":false},"excerpt":{"rendered":"<p>\u201cSi mi categor\u00eda fuese paral\u00edmpica, estar\u00eda clasificado hace tiempo para Tokio\u201d Dani Molina es uno de esos deportistas que no se rinden nunca y que no dejan de plantearse metas y objetivos. A sus 45 a\u00f1os y en uno de sus mejores momentos deportivos, incluso se permite so\u00f1ar con estar en los Juegos Paral\u00edmpicos de [&hellip;]<\/p>\n","protected":false},"author":6,"featured_media":65053,"comment_status":"closed","ping_status":"closed","sticky":false,"template":"","format":"standard","meta":{"_acf_changed":false,"rank_math_lock_modified_date":false,"footnotes":""},"categories":[17,1191],"tags":[3312,2486,1099],"class_list":{"0":"post-65052","1":"post","2":"type-post","3":"status-publish","4":"format-standard","5":"has-post-thumbnail","7":"category-actualidad","8":"category-triatlon","9":"tag-dani-molina","10":"tag-juegos-olimpicos","11":"tag-paratriatlon"},"acf":[],"_links":{"self":[{"href":"https:\/\/miurltemporal.com/main/triatletasenred.sport.es\/wp-json\/wp\/v2\/posts\/65052"}],"collection":[{"href":"https:\/\/miurltemporal.com/main/triatletasenred.sport.es\/wp-json\/wp\/v2\/posts"}],"about":[{"href":"https:\/\/miurltemporal.com/main/triatletasenred.sport.es\/wp-json\/wp\/v2\/types\/post"}],"author":[{"embeddable":true,"href":"https:\/\/miurltemporal.com/main/triatletasenred.sport.es\/wp-json\/wp\/v2\/users\/6"}],"replies":[{"embeddable":true,"href":"https:\/\/miurltemporal.com/main/triatletasenred.sport.es\/wp-json\/wp\/v2\/comments?post=65052"}],"version-history":[{"count":0,"href":"https:\/\/miurltemporal.com/main/triatletasenred.sport.es\/wp-json\/wp\/v2\/posts\/65052\/revisions"}],"wp:featuredmedia":[{"embeddable":true,"href":"https:\/\/miurltemporal.com/main/triatletasenred.sport.es\/wp-json\/wp\/v2\/media\/65053"}],"wp:attachment":[{"href":"https:\/\/miurltemporal.com/main/triatletasenred.sport.es\/wp-json\/wp\/v2\/media?parent=65052"}],"wp:term":[{"taxonomy":"category","embeddable":true,"href":"https:\/\/miurltemporal.com/main/triatletasenred.sport.es\/wp-json\/wp\/v2\/categories?post=65052"},{"taxonomy":"post_tag","embeddable":true,"href":"https:\/\/miurltemporal.com/main/triatletasenred.sport.es\/wp-json\/wp\/v2\/tags?post=65052"}],"curies":[{"name":"wp","href":"https:\/\/api.w.org\/{rel}","templated":true}]}}