{"id":64995,"date":"2020-10-06T06:59:49","date_gmt":"2020-10-06T04:59:49","guid":{"rendered":"https:\/\/miurltemporal.com/main/triatletasenred.sport.es\/?p=64995"},"modified":"2020-10-06T06:06:14","modified_gmt":"2020-10-06T04:06:14","slug":"primer-triatlon-espana","status":"publish","type":"post","link":"https:\/\/miurltemporal.com/main/triatletasenred.sport.es\/actualidad\/primer-triatlon-espana\/","title":{"rendered":"\u00bfD\u00f3nde se realiz\u00f3 el primer triatl\u00f3n en Espa\u00f1a?"},"content":{"rendered":"<h3 style=\"text-align: justify;\">La edici\u00f3n del 26 y 28 de junio de 1983 del peri\u00f3dico Mediterr\u00e1neo arroja un poco de luz \u00a0a la historia del triatl\u00f3n en nuestro pa\u00eds. Las fiestas del Grao de Castell\u00f3 ser\u00edan testigo del primer evento deportivo de nuestro deporte.<\/h3>\n<p><a href=\"https:\/\/zone3.es\/\" rel=\"nofollow noopener\" target=\"_blank\"><img fetchpriority=\"high\" decoding=\"async\" class=\"aligncenter size-full wp-image-66903\" src=\"https:\/\/miurltemporal.com/main/triatletasenred.sport.es\/wp-content\/uploads\/Banner-Zone3-746x149px.gif\" alt=\"\" width=\"746\" height=\"149\" \/><\/a><\/p>\n<p style=\"text-align: justify;\">Si bien es cierto que no ser\u00e9 yo el que reste ni un \u00e1pice de importancia a la competici\u00f3n que se realiz\u00f3 en <strong>Castro Urdiales<\/strong> en 1963 y 1964, el <strong>&#8220;Ciclo-Nata-Cross&#8221;<\/strong>, organizada por <strong>Francisco Torre<\/strong> un hombre <a href=\"https:\/\/miurltemporal.com/main/triatletasenred.sport.es\/actualidad\/ciclo-nata-cross\/\">con toda una vida ligada al deporte<\/a> en diferentes \u00e1mbitos, principalmente al atletismo, y que result\u00f3 como el precursor del triatl\u00f3n en Espa\u00f1a.<\/p>\n<p style=\"text-align: justify;\">La realidad es que <strong>tuvieron que pasar 20 a\u00f1os<\/strong> desde la prueba c\u00e1ntabra para que el <strong>triatl\u00f3n asomara de nuevo en Espa\u00f1a<\/strong>. La expansi\u00f3n del deporte de las tres disciplinas ya se hab\u00eda iniciado previamente en Europa, en pa\u00edses como Francia, aunque el origen como sabemos se remonta a mediados de los 70 en Estados Unidos. Por tanto, la relevancia del <strong>triatl\u00f3n que se realiz\u00f3 en el Grao de Castell\u00f3<\/strong> radica en ser el <strong>primero que se realiza dentro de nuestras fronteras despu\u00e9s del nacimiento en EEUU y la posterior expansi\u00f3n por Europa<\/strong>.<\/p>\n<p style=\"text-align: justify;\">No obstante, la prueba c\u00e1ntabra de 1963 y el triatl\u00f3n organizado en Castell\u00f3 en 1983 <strong>alteraron el orden de las disciplinas<\/strong>, realiz\u00e1ndose en primer lugar el ciclismo, en segundo la nataci\u00f3n y para finalizar la carrera a pie. Ocurrir\u00eda igual en\u00a0el <strong>Triatl\u00f3n de Guadalajara de 1984<\/strong>, para muchos <strong>considerado el primer triatl\u00f3n<\/strong> que se realiz\u00f3 en Espa\u00f1a, aunque <strong>la hemeroteca desmiente tal afirmaci\u00f3n<\/strong> ya que el organizado por el gimnasio\/sauna Sport-Man de Castell\u00f3n se realiz\u00f3 como hemos visto un a\u00f1o antes y el de Castro Urdiales en 1963 y 1964.<\/p>\n<p style=\"text-align: justify;\"><strong>La experiencia iniciada en Guadalajara<\/strong> aquel d\u00eda 1 de septiembre de 1984 <strong>tuvo continuidad<\/strong>, no qued\u00f3 en un destell\u00f3 aislado en el tiempo, organiz\u00e1ndose en la actualidad con la misma ilusi\u00f3n que hace m\u00e1s de 30 a\u00f1os. Pero debemos ser <strong>justos con la historia<\/strong> y dar al C\u00e9sar lo que es del C\u00e9sar. De esta manera, <strong>Francisco Torre es el pionero<\/strong> en nuestro pa\u00eds, <strong>el triatl\u00f3n organizado en Castell\u00f3 en 1983 fue el primero<\/strong> despu\u00e9s del nacimiento y expansi\u00f3n del deporte desde Estados Unidos y el de <strong>Guadalajara tiene el honor de ser el m\u00e1s longevo <\/strong>de los que se siguen celebrando, que no es poco.<\/p>\n<p style=\"text-align: justify;\">Dos son las <b>rese\u00f1as encontradas en el\u00a0<\/b><span style=\"font-weight: 600;\">peri\u00f3dico<\/span><b>\u00a0<\/b><span style=\"font-weight: 600;\">Mediterr\u00e1neo\u00a0<\/span><b>acerca del triatl\u00f3n organizado en Castell\u00f3 en el verano de 1983<\/b>. La primera, datada el 26 de junio de 1983, hace referencia al\u00a0programa de fiestas del Grao de Castell\u00f3, donde se anuncia la celebraci\u00f3n a las 10:00h del lunes de una competici\u00f3n deportiva organizada por el gimnasio\/sauna Sport-Man de la ciudad: el primer Campeonato de Triatl\u00f3n.<\/p>\n<p style=\"text-align: justify;\"><a href=\"https:\/\/prensahistorica.mcu.es\/es\/catalogo_imagenes\/grupo.do?path=5080285&amp;presentacion=pagina&amp;posicion=5&amp;registrardownload=0\" rel=\"nofollow noopener\" target=\"_blank\">La segunda<\/a>, m\u00e1s extensa (28\/06\/1983), recoge lo siguiente: <em>\u00a0&#8220;As\u00ed, despu\u00e9s del almuerzo de rigor, a las diez de la ma\u00f1ana tuvo lugar el primer Campeonato de Triatl\u00f3n, organizado por el gimnasio\/sauna Sport-Man, en el que participaron cuarenta y cinco deportistas. Hay que decir que esta es la primera vez que se efect\u00faa una prueba de triatl\u00f3n en Espa\u00f1a, siendo una de las practicas deportivas m\u00e1s populares en Estados Unidos. La prueba consisti\u00f3 en un recorrido de quince kil\u00f3metros en bicicleta, un kil\u00f3metro a nado y siete kil\u00f3metros y medio corriendo. El ganado fue Jose L\u00f3pez, joven de quince a\u00f1os perteneciente al Club N\u00e1utico de Castell\u00f3n que hizo un tiempo de sesenta y dos minutos veintisiete d\u00e9cimas&#8221;.<\/em><\/p>\n<p style=\"text-align: justify;\">En pr\u00f3ximos art\u00edculos dedicaremos un espaci\u00f3 al libro de <strong>Joaqu\u00edn Ballesteros<\/strong>, de la editorial Arthax, <em>&#8220;El libro del triatl\u00f3n&#8221;<\/em>, publicado en 1987.<\/p>\n<hr \/>\n<div class=\"youtube-embed\" data-video_id=\"3tSPAwbIhaA\"><iframe title=\"TOP 5 Bicis de carretera POR MENOS de 1000\u20ac en 2020 \ud83e\udd19\ud83c\udffb\" width=\"696\" height=\"392\" src=\"https:\/\/www.youtube.com\/embed\/3tSPAwbIhaA?start=1&#038;feature=oembed\" frameborder=\"0\" allow=\"accelerometer; autoplay; clipboard-write; encrypted-media; gyroscope; picture-in-picture; web-share\" referrerpolicy=\"strict-origin-when-cross-origin\" allowfullscreen><\/iframe><\/div>\n","protected":false},"excerpt":{"rendered":"<p>La edici\u00f3n del 26 y 28 de junio de 1983 del peri\u00f3dico Mediterr\u00e1neo arroja un poco de luz \u00a0a la historia del triatl\u00f3n en nuestro pa\u00eds. Las fiestas del Grao de Castell\u00f3 ser\u00edan testigo del primer evento deportivo de nuestro deporte. Si bien es cierto que no ser\u00e9 yo el que reste ni un \u00e1pice [&hellip;]<\/p>\n","protected":false},"author":294,"featured_media":65001,"comment_status":"closed","ping_status":"closed","sticky":false,"template":"","format":"standard","meta":{"_acf_changed":false,"rank_math_lock_modified_date":false,"footnotes":""},"categories":[17,2033],"tags":[7282,2774,7283,448],"class_list":{"0":"post-64995","1":"post","2":"type-post","3":"status-publish","4":"format-standard","5":"has-post-thumbnail","7":"category-actualidad","8":"category-sport","9":"tag-castello","10":"tag-castro-urdiales","11":"tag-gualajaria","12":"tag-historia-del-triatlon"},"acf":[],"_links":{"self":[{"href":"https:\/\/miurltemporal.com/main/triatletasenred.sport.es\/wp-json\/wp\/v2\/posts\/64995"}],"collection":[{"href":"https:\/\/miurltemporal.com/main/triatletasenred.sport.es\/wp-json\/wp\/v2\/posts"}],"about":[{"href":"https:\/\/miurltemporal.com/main/triatletasenred.sport.es\/wp-json\/wp\/v2\/types\/post"}],"author":[{"embeddable":true,"href":"https:\/\/miurltemporal.com/main/triatletasenred.sport.es\/wp-json\/wp\/v2\/users\/294"}],"replies":[{"embeddable":true,"href":"https:\/\/miurltemporal.com/main/triatletasenred.sport.es\/wp-json\/wp\/v2\/comments?post=64995"}],"version-history":[{"count":0,"href":"https:\/\/miurltemporal.com/main/triatletasenred.sport.es\/wp-json\/wp\/v2\/posts\/64995\/revisions"}],"wp:featuredmedia":[{"embeddable":true,"href":"https:\/\/miurltemporal.com/main/triatletasenred.sport.es\/wp-json\/wp\/v2\/media\/65001"}],"wp:attachment":[{"href":"https:\/\/miurltemporal.com/main/triatletasenred.sport.es\/wp-json\/wp\/v2\/media?parent=64995"}],"wp:term":[{"taxonomy":"category","embeddable":true,"href":"https:\/\/miurltemporal.com/main/triatletasenred.sport.es\/wp-json\/wp\/v2\/categories?post=64995"},{"taxonomy":"post_tag","embeddable":true,"href":"https:\/\/miurltemporal.com/main/triatletasenred.sport.es\/wp-json\/wp\/v2\/tags?post=64995"}],"curies":[{"name":"wp","href":"https:\/\/api.w.org\/{rel}","templated":true}]}}