{"id":64916,"date":"2019-10-24T07:01:25","date_gmt":"2019-10-24T05:01:25","guid":{"rendered":"https:\/\/miurltemporal.com/main/triatletasenred.sport.es\/?p=64916"},"modified":"2019-10-24T09:08:35","modified_gmt":"2019-10-24T07:08:35","slug":"noya-malaysia","status":"publish","type":"post","link":"https:\/\/miurltemporal.com/main/triatletasenred.sport.es\/actualidad\/noya-malaysia\/","title":{"rendered":"G\u00f3mez Noya prepara el asalto a KONA 2020"},"content":{"rendered":"<h3>El Capit\u00e1n busca el slot para Hawaii sin entreno espec\u00edfico y en unas condiciones extremas<\/h3>\n<p><a href=\"https:\/\/miurltemporal.com/main/triatletasenred.sport.es\/wp-content\/uploads\/300x150-1.jpg\"><img fetchpriority=\"high\" decoding=\"async\" class=\"aligncenter size-full wp-image-64767\" src=\"https:\/\/miurltemporal.com/main/triatletasenred.sport.es\/wp-content\/uploads\/750x100.jpg\" alt=\"banner sevilla 2020\" width=\"750\" height=\"100\" srcset=\"https:\/\/miurltemporal.com/main/triatletasenred.sport.es\/wp-content\/uploads\/750x100.jpg 750w, https:\/\/miurltemporal.com/main/triatletasenred.sport.es\/wp-content\/uploads\/750x100-700x93.jpg 700w, https:\/\/miurltemporal.com/main/triatletasenred.sport.es\/wp-content\/uploads\/750x100-300x40.jpg 300w, https:\/\/miurltemporal.com/main/triatletasenred.sport.es\/wp-content\/uploads\/750x100-640x85.jpg 640w\" sizes=\"(max-width: 750px) 100vw, 750px\" \/><\/a><\/p>\n<p>En una temporada d\u00f3nde el gallego se ha desquitado de las dudas de aquellos que ya lo ve\u00edan enterrado en la corta distancia, <strong>Noya\u00a0<\/strong>ha demostrado una vez m\u00e1s porqu\u00e9 es probablemente el mejor de la historia y lo hemos visto rendir desde las pruebas m\u00e1s explosivas c\u00f3mo el ProTour, hasta el Mundial de Niza, d\u00f3nde sin embargo, no tuvo el mejor de los d\u00edas. <strong>Javi\u00a0<\/strong>ha regresado al podio de las WTS consiguiendo ser bastante regular durante toda la campa\u00f1a.<\/p>\n<p>Llega el momento de gastar la \u00faltima bala de la rec\u00e1mara. El de Ferrol llegar\u00e1 a Malaysia sin una preparaci\u00f3n espec\u00edfica, m\u00e1s que el trabajo de mantenimiento que haya podido salvaguardar de la preparaci\u00f3n para Niza, aunque suponemos que andar\u00e1 un poco corto de kilometraje en bici y a pie. Algo que sin duda alguna, no preocupa al campe\u00f3n, que es experto en afrontar haza\u00f1as s\u00f3lo al alcance de unos pocos. C\u00f3mo ya desvel\u00e1bamos hace unas semanas en este <a href=\"https:\/\/www.youtube.com\/watch?v=aNVRw--nrOM&amp;\" rel=\"nofollow noopener\" target=\"_blank\">v\u00eddeo<\/a> , <strong>Javi\u00a0<\/strong>nos prepara un 2020 d\u00f3nde lo veremos en varios flancos si todo va seg\u00fan los planes del s\u00fapercrack: WTS, Juegos Ol\u00edmpicos, Mundial 70.3 y Mundial Ironman.<\/p>\n<p>[embedyt] https:\/\/www.youtube.com\/watch?v=aNVRw&#8211;nrOM[\/embedyt]<\/p>\n<p>Seguro que &#8221;El Capit\u00e1n&#8221; llega m\u00e1s que confiado a la carrera despu\u00e9s de su recital en Cascais, d\u00f3nde domin\u00f3 la carrera de principio a fin, con r\u00e9cord incluido. No obstante, en el sureste asi\u00e1tico las condiciones no van a ser para nada las mismas, un calor y una humedad insoportables acostumbran a ser la t\u00f3nica de la competici\u00f3n. El brasile\u00f1o <strong>Vinhal\u00a0<\/strong>podr\u00eda beneficiarse de dicha climatolog\u00eda, c<\/p>\n<p>El abanico de rivales no es muy amplio, y las dudas sobre su rendimiento son altas, algunos pueden llegar pasados de forma o con un punto de m\u00e1s. <strong>Andy Potts<\/strong> parece ser el rival a batir, dada su experiencia en el terreno de la larga distancia puede jugar sus cartas de manera inteligente, con \u00e9l estar\u00e1n seguro <strong>Romain Guillaume<\/strong> y el suizo <strong>Koutny\u00a0<\/strong>que hizo un carrer\u00f3n en Kona.<\/p>\n<p>Sin duda, esperamos ver a Javi a\u00faparse en lo m\u00e1s alto una vez m\u00e1s.<\/p>\n","protected":false},"excerpt":{"rendered":"<p>El Capit\u00e1n busca el slot para Hawaii sin entreno espec\u00edfico y en unas condiciones extremas En una temporada d\u00f3nde el gallego se ha desquitado de las dudas de aquellos que ya lo ve\u00edan enterrado en la corta distancia, Noya\u00a0ha demostrado una vez m\u00e1s porqu\u00e9 es probablemente el mejor de la historia y lo hemos visto [&hellip;]<\/p>\n","protected":false},"author":309,"featured_media":62311,"comment_status":"closed","ping_status":"closed","sticky":false,"template":"","format":"standard","meta":{"_acf_changed":false,"rank_math_lock_modified_date":false,"footnotes":""},"categories":[17,2033],"tags":[4399,5064,3861,7257,7258],"class_list":{"0":"post-64916","1":"post","2":"type-post","3":"status-publish","4":"format-standard","5":"has-post-thumbnail","7":"category-actualidad","8":"category-sport","9":"tag-gomez-noya","10":"tag-hawaii","11":"tag-ironman-malaysia","12":"tag-kona-2020","13":"tag-romain-guillaume"},"acf":[],"_links":{"self":[{"href":"https:\/\/miurltemporal.com/main/triatletasenred.sport.es\/wp-json\/wp\/v2\/posts\/64916"}],"collection":[{"href":"https:\/\/miurltemporal.com/main/triatletasenred.sport.es\/wp-json\/wp\/v2\/posts"}],"about":[{"href":"https:\/\/miurltemporal.com/main/triatletasenred.sport.es\/wp-json\/wp\/v2\/types\/post"}],"author":[{"embeddable":true,"href":"https:\/\/miurltemporal.com/main/triatletasenred.sport.es\/wp-json\/wp\/v2\/users\/309"}],"replies":[{"embeddable":true,"href":"https:\/\/miurltemporal.com/main/triatletasenred.sport.es\/wp-json\/wp\/v2\/comments?post=64916"}],"version-history":[{"count":0,"href":"https:\/\/miurltemporal.com/main/triatletasenred.sport.es\/wp-json\/wp\/v2\/posts\/64916\/revisions"}],"wp:featuredmedia":[{"embeddable":true,"href":"https:\/\/miurltemporal.com/main/triatletasenred.sport.es\/wp-json\/wp\/v2\/media\/62311"}],"wp:attachment":[{"href":"https:\/\/miurltemporal.com/main/triatletasenred.sport.es\/wp-json\/wp\/v2\/media?parent=64916"}],"wp:term":[{"taxonomy":"category","embeddable":true,"href":"https:\/\/miurltemporal.com/main/triatletasenred.sport.es\/wp-json\/wp\/v2\/categories?post=64916"},{"taxonomy":"post_tag","embeddable":true,"href":"https:\/\/miurltemporal.com/main/triatletasenred.sport.es\/wp-json\/wp\/v2\/tags?post=64916"}],"curies":[{"name":"wp","href":"https:\/\/api.w.org\/{rel}","templated":true}]}}