{"id":64885,"date":"2019-10-23T07:01:33","date_gmt":"2019-10-23T05:01:33","guid":{"rendered":"https:\/\/miurltemporal.com/main/triatletasenred.sport.es\/?p=64885"},"modified":"2019-10-23T14:52:22","modified_gmt":"2019-10-23T12:52:22","slug":"campeonato-espana-ibiza","status":"publish","type":"post","link":"https:\/\/miurltemporal.com/main/triatletasenred.sport.es\/actualidad\/campeonato-espana-ibiza\/","title":{"rendered":"#LaPrevia del Campeonato de Espa\u00f1a MD en IBIZA"},"content":{"rendered":"<h3>La isla blanca acoger\u00e1 la edici\u00f3n de este a\u00f1o que se presenta con un plantel de salida de mucho nivel<\/h3>\n<p><a href=\"https:\/\/zone3.es\/\" rel=\"nofollow noopener\" target=\"_blank\"><img fetchpriority=\"high\" decoding=\"async\" class=\"aligncenter size-full wp-image-58904\" src=\"https:\/\/miurltemporal.com/main/triatletasenred.sport.es\/wp-content\/uploads\/zone3-nuevo-1.gif\" alt=\"\" width=\"746\" height=\"149\" \/><\/a><\/p>\n<p>El cetro nacional de la media distancia conocer\u00e1 a sus campeones este domingo 27 en una jornada d\u00f3nde parece ser que las condiciones climatol\u00f3gicas van a ser ideales para competir, unos 22\u00ba y poca presencia del viento.<\/p>\n<h3><strong>FAVORITOS\u00a0<\/strong><\/h3>\n<hr \/>\n<p>La categor\u00eda \u00e9lite femenina presenta 20 inscritas, mientras que la \u00e9lite masculina cuenta con 68 inscritos. Entre ellos destacamos a los siguientes candidatos a la victoria:<\/p>\n<p><strong>HOMBRES<\/strong><\/p>\n<ul>\n<li><strong>Emilio Aguayo: <\/strong>&#8221;El Bisonte&#8221; es el favorito. Llega fuert\u00edsimo tras dar un recital en Wisconsin.<\/li>\n<li><strong>Gustavo Rodr\u00edguez:\u00a0<\/strong>Nada que decir de este animal. El recorrido en bici le es favorable, aunque con buenos nadadores en la <em>start-list<\/em>, tendr\u00e1 que pelar el sector ciclista para estar en la batalla a pie con opciones.<\/li>\n<li><strong>Pello Osoro:\u00a0<\/strong>El de Eibar ha demostrado esta temporada que su rendimiento ha subido un pelda\u00f1o, y este campeonato puede servirle para afianzar una buena temporada<\/li>\n<li><strong>Ander Okamika:\u00a0<\/strong>Su tercer puesto en Bilbao recientemente le coloca c\u00f3mo un tipo al que vigilar dado su buen rendimiento tanto en bici c\u00f3mo a pie.<\/li>\n<li><strong>Cristobal Dios:\u00a0<\/strong>El gallego sigue peleando por estar en la pomada y llega de vencer su \u00faltima prueba en tierras andaluzas. La duda ser\u00e1 si habr\u00e1 recuperado a tiempo para pelear por la victoria<\/li>\n<li><strong>Guillem Rojas: <\/strong>La baja de Carlos L\u00f3pez lo sit\u00faa como el favorito en el sector de nataci\u00f3n. El triatleta de <strong>Zone3<\/strong> ya rompi\u00f3 la carrera en Pamplona y en el reciente Ironman Barcelona.<\/li>\n<\/ul>\n<p>Otros nombres que suenan para los puestos delanteros son<strong>\u00a0Jordi Montraveta, Alberto Romero, Mikel M\u00fagica.<\/strong><\/p>\n<p><strong>MUJERES<\/strong><\/p>\n<p>En la categor\u00eda femenina, <strong>Helene Alberdi\u00a0<\/strong>parte como favorita en las apuestas dado su reciente estado de forma y resultados.<\/p>\n<p>Probablemente le acompa\u00f1ar\u00e1n en la contienda por las primeras posiciones <strong>Alba Reguillo, Eva Valero, Ana Caleya y Patricia Bueno.<\/strong><\/p>\n<p><strong>PREMIOS<\/strong><\/p>\n<p>Entre los puestos de honor de ambas salidas se repartir\u00e1 una cuant\u00eda de 3.000\u20ac distribuidos de la siguiente forma:<\/p>\n<ul>\n<li>1\u00ba y 1\u00aa <strong>450<\/strong> \u20ac<\/li>\n<li>2\u00ba y 2\u00aa <strong>375<\/strong> \u20ac<\/li>\n<li>3\u00ba y 3\u00aa <strong>300<\/strong> \u20ac<\/li>\n<li>4\u00ba y 4\u00aa <strong>225<\/strong> \u20ac<\/li>\n<li>5\u00ba y 5\u00aa <strong>150<\/strong> \u20ac<\/li>\n<\/ul>\n<p>Entre los tres mejores clubes masculino y femenino el reparto ser\u00e1 de 1.000 \u20ac<\/p>\n<ul>\n<li>1\u00ba y 1\u00aa <strong>250<\/strong> \u20ac<\/li>\n<li>2\u00ba y 2\u00aa <strong>150<\/strong> \u20ac<\/li>\n<li>3\u00ba y 3\u00aa <strong>100<\/strong> \u20ac<\/li>\n<\/ul>\n<h3><strong>CIRCUITOS<\/strong><\/h3>\n<hr \/>\n<ul>\n<li><strong>Nataci\u00f3n <\/strong>(1 vuelta de 2km con salida y llegada en la Playa de Ses Figueretes y vuelta en la Illa de Ses Rates)<\/li>\n<\/ul>\n<p><img decoding=\"async\" class=\" wp-image-64887 alignleft\" src=\"https:\/\/miurltemporal.com/main/triatletasenred.sport.es\/wp-content\/uploads\/swim-ibiza.png\" alt=\"\" width=\"477\" height=\"254\" srcset=\"https:\/\/miurltemporal.com/main/triatletasenred.sport.es\/wp-content\/uploads\/swim-ibiza.png 620w, https:\/\/miurltemporal.com/main/triatletasenred.sport.es\/wp-content\/uploads\/swim-ibiza-300x160.png 300w\" sizes=\"(max-width: 477px) 100vw, 477px\" \/><\/p>\n<p>&nbsp;<\/p>\n<p>&nbsp;<\/p>\n<p>&nbsp;<\/p>\n<p>&nbsp;<\/p>\n<p>&nbsp;<\/p>\n<p>&nbsp;<\/p>\n<p>&nbsp;<\/p>\n<hr \/>\n<ul>\n<li><strong>Ciclismo <\/strong>(2 vueltas de 43km)<\/li>\n<\/ul>\n<p><img decoding=\"async\" class=\"wp-image-64890 alignleft\" src=\"https:\/\/miurltemporal.com/main/triatletasenred.sport.es\/wp-content\/uploads\/half-ibiza-bike.jpg\" alt=\"\" width=\"485\" height=\"359\" srcset=\"https:\/\/miurltemporal.com/main/triatletasenred.sport.es\/wp-content\/uploads\/half-ibiza-bike.jpg 1446w, https:\/\/miurltemporal.com/main/triatletasenred.sport.es\/wp-content\/uploads\/half-ibiza-bike-700x518.jpg 700w, https:\/\/miurltemporal.com/main/triatletasenred.sport.es\/wp-content\/uploads\/half-ibiza-bike-300x222.jpg 300w, https:\/\/miurltemporal.com/main/triatletasenred.sport.es\/wp-content\/uploads\/half-ibiza-bike-768x569.jpg 768w, https:\/\/miurltemporal.com/main/triatletasenred.sport.es\/wp-content\/uploads\/half-ibiza-bike-1024x758.jpg 1024w, https:\/\/miurltemporal.com/main/triatletasenred.sport.es\/wp-content\/uploads\/half-ibiza-bike-640x474.jpg 640w\" sizes=\"(max-width: 485px) 100vw, 485px\" \/><\/p>\n<p>&nbsp;<\/p>\n<p>&nbsp;<\/p>\n<p>&nbsp;<\/p>\n<p>&nbsp;<\/p>\n<p>&nbsp;<\/p>\n<p>&nbsp;<\/p>\n<p>&nbsp;<\/p>\n<p>&nbsp;<\/p>\n<p>&nbsp;<\/p>\n<p>&nbsp;<\/p>\n<hr \/>\n<ul>\n<li><strong>Carrera a pie <\/strong>(3 vueltas de 7km)<\/li>\n<\/ul>\n<p><img loading=\"lazy\" decoding=\"async\" class=\"wp-image-64891 alignleft\" src=\"https:\/\/miurltemporal.com/main/triatletasenred.sport.es\/wp-content\/uploads\/half-ibiza-run.jpg\" alt=\"\" width=\"478\" height=\"375\" srcset=\"https:\/\/miurltemporal.com/main/triatletasenred.sport.es\/wp-content\/uploads\/half-ibiza-run.jpg 1810w, https:\/\/miurltemporal.com/main/triatletasenred.sport.es\/wp-content\/uploads\/half-ibiza-run-700x549.jpg 700w, https:\/\/miurltemporal.com/main/triatletasenred.sport.es\/wp-content\/uploads\/half-ibiza-run-300x235.jpg 300w, https:\/\/miurltemporal.com/main/triatletasenred.sport.es\/wp-content\/uploads\/half-ibiza-run-768x603.jpg 768w, https:\/\/miurltemporal.com/main/triatletasenred.sport.es\/wp-content\/uploads\/half-ibiza-run-1024x803.jpg 1024w, https:\/\/miurltemporal.com/main/triatletasenred.sport.es\/wp-content\/uploads\/half-ibiza-run-640x502.jpg 640w\" sizes=\"(max-width: 478px) 100vw, 478px\" \/><\/p>\n<p>&nbsp;<\/p>\n<p>&nbsp;<\/p>\n<p>&nbsp;<\/p>\n<p>&nbsp;<\/p>\n<p>&nbsp;<\/p>\n<p>&nbsp;<\/p>\n<p>&nbsp;<\/p>\n<p>&nbsp;<\/p>\n<p>&nbsp;<\/p>\n<p>&nbsp;<\/p>\n<hr \/>\n<p>Las cartas est\u00e1n sobre la mesa, s\u00f3lo nos falta ver c\u00f3mo las jugar\u00e1n los cracks en tierras ibicencas, d\u00f3nde ya saben lo que es el buen triatl\u00f3n. \u00a1Nos vemos el domingo!<\/p>\n","protected":false},"excerpt":{"rendered":"<p>La isla blanca acoger\u00e1 la edici\u00f3n de este a\u00f1o que se presenta con un plantel de salida de mucho nivel El cetro nacional de la media distancia conocer\u00e1 a sus campeones este domingo 27 en una jornada d\u00f3nde parece ser que las condiciones climatol\u00f3gicas van a ser ideales para competir, unos 22\u00ba y poca presencia [&hellip;]<\/p>\n","protected":false},"author":309,"featured_media":64893,"comment_status":"closed","ping_status":"closed","sticky":false,"template":"","format":"standard","meta":{"_acf_changed":false,"rank_math_lock_modified_date":false,"footnotes":""},"categories":[17,19,2033],"tags":[6376,6283,7039,3044,3114,2208,6200,2686,1384,4413,6039],"class_list":{"0":"post-64885","1":"post","2":"type-post","3":"status-publish","4":"format-standard","5":"has-post-thumbnail","7":"category-actualidad","8":"category-competiciones","9":"category-sport","10":"tag-6376","12":"tag-campeonato-espana","13":"tag-emilio-aguayo","14":"tag-guillem-rojas","15":"tag-gustavo-rodriguez","16":"tag-helene-alberdi","17":"tag-ibiza","18":"tag-md","19":"tag-media-distancia","20":"tag-pello-osoro"},"acf":[],"_links":{"self":[{"href":"https:\/\/miurltemporal.com/main/triatletasenred.sport.es\/wp-json\/wp\/v2\/posts\/64885"}],"collection":[{"href":"https:\/\/miurltemporal.com/main/triatletasenred.sport.es\/wp-json\/wp\/v2\/posts"}],"about":[{"href":"https:\/\/miurltemporal.com/main/triatletasenred.sport.es\/wp-json\/wp\/v2\/types\/post"}],"author":[{"embeddable":true,"href":"https:\/\/miurltemporal.com/main/triatletasenred.sport.es\/wp-json\/wp\/v2\/users\/309"}],"replies":[{"embeddable":true,"href":"https:\/\/miurltemporal.com/main/triatletasenred.sport.es\/wp-json\/wp\/v2\/comments?post=64885"}],"version-history":[{"count":0,"href":"https:\/\/miurltemporal.com/main/triatletasenred.sport.es\/wp-json\/wp\/v2\/posts\/64885\/revisions"}],"wp:featuredmedia":[{"embeddable":true,"href":"https:\/\/miurltemporal.com/main/triatletasenred.sport.es\/wp-json\/wp\/v2\/media\/64893"}],"wp:attachment":[{"href":"https:\/\/miurltemporal.com/main/triatletasenred.sport.es\/wp-json\/wp\/v2\/media?parent=64885"}],"wp:term":[{"taxonomy":"category","embeddable":true,"href":"https:\/\/miurltemporal.com/main/triatletasenred.sport.es\/wp-json\/wp\/v2\/categories?post=64885"},{"taxonomy":"post_tag","embeddable":true,"href":"https:\/\/miurltemporal.com/main/triatletasenred.sport.es\/wp-json\/wp\/v2\/tags?post=64885"}],"curies":[{"name":"wp","href":"https:\/\/api.w.org\/{rel}","templated":true}]}}