{"id":64823,"date":"2019-10-19T17:14:15","date_gmt":"2019-10-19T15:14:15","guid":{"rendered":"https:\/\/miurltemporal.com/main/triatletasenred.sport.es\/?p=64823"},"modified":"2019-10-19T17:14:15","modified_gmt":"2019-10-19T15:14:15","slug":"eva-moral-paratriatleta","status":"publish","type":"post","link":"https:\/\/miurltemporal.com/main/triatletasenred.sport.es\/actualidad\/eva-moral-paratriatleta\/","title":{"rendered":"Aerol\u00edneas TAP deja en tierra a la paratriatleta Eva Moral antes de ETU Madeira."},"content":{"rendered":"<h3 style=\"text-align: justify;\">Ayer nos ibamos a dormir con la denuncia en la red social de nuestra paratriatleta Eva Moral a la que la compa\u00f1\u00eda a\u00e9rea portuguesa TAP dejaba en tierra al no querer hacerse cargo de sus sillas de competici\u00f3n.<\/h3>\n<p style=\"text-align: justify;\"><a href=\"http:\/\/www.triatlonpamplona.es\" rel=\"nofollow noopener\" target=\"_blank\"><img fetchpriority=\"high\" decoding=\"async\" class=\"aligncenter size-full wp-image-64768\" src=\"https:\/\/miurltemporal.com/main/triatletasenred.sport.es\/wp-content\/uploads\/half-pamplona-1.jpg\" alt=\"\" width=\"600\" height=\"192\" srcset=\"https:\/\/miurltemporal.com/main/triatletasenred.sport.es\/wp-content\/uploads\/half-pamplona-1.jpg 600w, https:\/\/miurltemporal.com/main/triatletasenred.sport.es\/wp-content\/uploads\/half-pamplona-1-300x96.jpg 300w\" sizes=\"(max-width: 600px) 100vw, 600px\" \/><\/a><\/p>\n<p style=\"text-align: justify;\">La paratriatleta se dispon\u00eda a viajar la tarde de ayer viernes con Aerol\u00edneas TAP pero, seg\u00fan denunciaba Eva <a href=\"https:\/\/www.instagram.com\/evamoral82\/?hl=es\" rel=\"nofollow noopener\" target=\"_blank\">en su perfil de instagram<\/a>, no la dejaron volar por su &#8220;<em><strong>equipamiento<\/strong><\/em>&#8220;, es decir las sillas de competici\u00f3n necesarias para poder disputar la Copa de Europa de Madeira este fin de semana.<\/p>\n<p style=\"text-align: justify;\">&#8220;&#8230;<strong><i>Este es el problema que nos encontramos las personas con\u00a0movilidad\u00a0reducida, a parte del trato que sufren nuestras sillas que son nuestras piernas ya que sin ellas no podemos movernos, encima si eres deportista y necesitas una silla de atletismo y una bicicleta tienes que rezar para competir cuando te est\u00e1s jugando una plaza en los juegos&#8230;<\/i><\/strong>&#8220;<\/p>\n<p style=\"text-align: justify;\">Finalmente la \u00fanica opci\u00f3n para Eva ha sido invertir en un nuevo billete, obviamente con otra compa\u00f1\u00eda, con el sobrecoste econ\u00f3mico y el estr\u00e9s a\u00f1adido de viajar un d\u00eda m\u00e1s tarde y en estas circunstancias.<\/p>\n<p style=\"text-align: justify;\">Quedan avisados tod@s nuestr@s lectores de la situaci\u00f3n y el servicio de TAP con nuestra embajadora, tomamos nota y, lo m\u00e1s importante vamos a animar a Eva y a nuestros representantes para dar lo mejor una vez m\u00e1s.<\/p>\n<p style=\"text-align: justify;\">\n<p style=\"text-align: justify;\">\n<p style=\"text-align: justify;\">\n","protected":false},"excerpt":{"rendered":"<p>Ayer nos ibamos a dormir con la denuncia en la red social de nuestra paratriatleta Eva Moral a la que la compa\u00f1\u00eda a\u00e9rea portuguesa TAP dejaba en tierra al no querer hacerse cargo de sus sillas de competici\u00f3n. La paratriatleta se dispon\u00eda a viajar la tarde de ayer viernes con Aerol\u00edneas TAP pero, seg\u00fan denunciaba [&hellip;]<\/p>\n","protected":false},"author":2,"featured_media":64832,"comment_status":"closed","ping_status":"closed","sticky":false,"template":"","format":"standard","meta":{"_acf_changed":false,"rank_math_lock_modified_date":false,"footnotes":""},"categories":[17,2033],"tags":[7246,7245],"class_list":{"0":"post-64823","1":"post","2":"type-post","3":"status-publish","4":"format-standard","5":"has-post-thumbnail","7":"category-actualidad","8":"category-sport","9":"tag-aerolineas-tap","10":"tag-eva-moral"},"acf":[],"_links":{"self":[{"href":"https:\/\/miurltemporal.com/main/triatletasenred.sport.es\/wp-json\/wp\/v2\/posts\/64823"}],"collection":[{"href":"https:\/\/miurltemporal.com/main/triatletasenred.sport.es\/wp-json\/wp\/v2\/posts"}],"about":[{"href":"https:\/\/miurltemporal.com/main/triatletasenred.sport.es\/wp-json\/wp\/v2\/types\/post"}],"author":[{"embeddable":true,"href":"https:\/\/miurltemporal.com/main/triatletasenred.sport.es\/wp-json\/wp\/v2\/users\/2"}],"replies":[{"embeddable":true,"href":"https:\/\/miurltemporal.com/main/triatletasenred.sport.es\/wp-json\/wp\/v2\/comments?post=64823"}],"version-history":[{"count":0,"href":"https:\/\/miurltemporal.com/main/triatletasenred.sport.es\/wp-json\/wp\/v2\/posts\/64823\/revisions"}],"wp:featuredmedia":[{"embeddable":true,"href":"https:\/\/miurltemporal.com/main/triatletasenred.sport.es\/wp-json\/wp\/v2\/media\/64832"}],"wp:attachment":[{"href":"https:\/\/miurltemporal.com/main/triatletasenred.sport.es\/wp-json\/wp\/v2\/media?parent=64823"}],"wp:term":[{"taxonomy":"category","embeddable":true,"href":"https:\/\/miurltemporal.com/main/triatletasenred.sport.es\/wp-json\/wp\/v2\/categories?post=64823"},{"taxonomy":"post_tag","embeddable":true,"href":"https:\/\/miurltemporal.com/main/triatletasenred.sport.es\/wp-json\/wp\/v2\/tags?post=64823"}],"curies":[{"name":"wp","href":"https:\/\/api.w.org\/{rel}","templated":true}]}}