{"id":64819,"date":"2019-10-19T07:01:31","date_gmt":"2019-10-19T05:01:31","guid":{"rendered":"https:\/\/miurltemporal.com/main/triatletasenred.sport.es\/?p=64819"},"modified":"2019-10-19T00:40:17","modified_gmt":"2019-10-18T22:40:17","slug":"ampliacion-calendario-fetri-2020-con-pruebas-internacionales","status":"publish","type":"post","link":"https:\/\/miurltemporal.com/main/triatletasenred.sport.es\/actualidad\/ampliacion-calendario-fetri-2020-con-pruebas-internacionales\/","title":{"rendered":"Ampliaci\u00f3n calendario FETRI 2020 con pruebas internacionales"},"content":{"rendered":"<h3>La Comisi\u00f3n Delegada de la Federaci\u00f3n Espa\u00f1ola de Triatl\u00f3n ha aprobado la celebraci\u00f3n de nuevas pruebas de \u00e1mbito nacional e internacional en Espa\u00f1a, y concreci\u00f3n de fechas o sedes para campeonatos de Espa\u00f1a 2020 pendientes.<\/h3>\n<p><a href=\"https:\/\/www.canyon.com\/es\/triathlon\/?utm_campaign=Speedmax-ES-Mar-2019&amp;utm_medium=display&amp;utm_source=triatletasenred\" rel=\"nofollow noopener\" target=\"_blank\"><img fetchpriority=\"high\" decoding=\"async\" class=\"aligncenter size-full wp-image-61181\" src=\"https:\/\/miurltemporal.com/main/triatletasenred.sport.es\/wp-content\/uploads\/Banner_Canyon_Speedmax_ES_1000x160px.gif\" alt=\"\" width=\"1000\" height=\"160\" \/><\/a><\/p>\n<p>El mejor duatl\u00f3n internacional se dar\u00e1 cita en el Campeonato de Europa de Punta Umbr\u00eda, los d\u00edas 7 y 8 de marzo. El d\u00eda 15 de marzo tendr\u00e1 lugar la Copa de Europa de Triatl\u00f3n \u00c9lite y J\u00fanior de Huelva, y el 28 de marzo las de Melilla, que junto a pruebas de Copa del Mundo por concretarse formar\u00e1n el calendario internacional en nuestro pa\u00eds, acreditando de nuevo la confianza de los m\u00e1ximos organismos internacionales del triatl\u00f3n,\u00a0 International Triathlon Union y European Triathlon Union, en la capacidad organizativa de FETRI. Tambi\u00e9n se celebrar\u00e1 en Espa\u00f1a, en \u00c1guilas el 14 de junio, el Campeonato del Mundo de Triatl\u00f3n Militar.<\/p>\n<p>&nbsp;<\/p>\n<p>El Campeonato de Espa\u00f1a de triatl\u00f3n por Clubes y Relevos Mixtos en A Coru\u00f1a ya tiene fecha, el 6 y 7 de junio, cerrando la Liga Nacional de Clubes de Triatl\u00f3n que comenzar\u00e1 en Castelldefels con los campeonato de Espa\u00f1a de Triatl\u00f3n SuperSprint por Clubes y Relevos\/Parejas el 9 y 10 de mayo. La tercera y cuarta jornadas de la liga se disputar\u00e1n en la Copa del Rey y de la Reina de Triatl\u00f3n, y Campeonato de Espa\u00f1a de Triatl\u00f3n por Relevos, en Roquetas de Mar, el 23 y 24 de mayo.<\/p>\n<p>&nbsp;<\/p>\n<p>\u00c1guilas acoger\u00e1 los Campeonatos de Espa\u00f1a de Triatl\u00f3n distancia Sprint, Acuatl\u00f3n y Paratriatl\u00f3n los d\u00edas 20 y 21 junio. Banyoles, el 5 y 6 de septiembre, ser\u00e1 la sede del nacional de Triatl\u00f3n distancia ol\u00edmpica. Salamanca, el 28 de junio, y\u00a0 Bilbao, el 3 de octubre, albergar\u00e1n los campeonatos de Espa\u00f1a de Triatl\u00f3n Larga Distancia y Media Distancia respectivamente. Los t\u00edtulos nacionales de Duatl\u00f3n Cros y Triatl\u00f3n Cros se pondr\u00e1n en juego en Almaz\u00e1n el 4 y 5 de julio, y el campeonato de Espa\u00f1a de Triatl\u00f3n por Autonom\u00edas y en Edad Escolar se celebrar\u00e1 en Valladolid el 11 y 12 de julio. La temporada FETRI arrancar\u00e1 el 11 de enero con el Campeonato de Espa\u00f1a de Triatl\u00f3n de Invierno que se disputar\u00e1 en Sierra Nevada.<\/p>\n<p>&nbsp;<\/p>\n<p>Ser\u00e1n clasificatorias para el Campeonato de Espa\u00f1a de distancia ol\u00edmpica en Banyoles las pruebas de Melilla, el 29 de marzo; Tarazona, el 30 de mayo; Andratx, el 31 de mayo; y Salamanca, el 27 de junio, a la espera de concretar dos clasificatorios m\u00e1s en pr\u00f3ximas fechas. Tambi\u00e9n se conocer\u00e1n pr\u00f3ximamente las pruebas de Copa de Espa\u00f1a de Triatl\u00f3n MD y LD.<\/p>\n<p><strong>\u00a0<\/strong><\/p>\n<p><strong>Campeonatos y clasificatorios de Duatl\u00f3n<\/strong><\/p>\n<p>El 29 de febrero y 1 de marzo se disputar\u00e1n en Alcobendas los campeonatos de Espa\u00f1a de Duatl\u00f3n por Clubes y Relevos Mixtos, primera y segunda jornada de la Liga Nacional de Clubes de Duatl\u00f3n 2020. Soria, el 4 y 5 de abril, con el Campeonato de Espa\u00f1a de Duatl\u00f3n, acoger\u00e1 la tercera y la cuarta. La liga finalizar\u00e1 en Avil\u00e9s con la quinta y sexta jornada el 18 y 19 de abril con los nacionales Contrarreloj por Equipos y Relevos. El Campeonato de Espa\u00f1a de Duatl\u00f3n Media Distancia tendr\u00e1 lugar el 22 de marzo en el Duatl\u00f3n de Numancia, en Garray, Soria.<\/p>\n<p>&nbsp;<\/p>\n<p>Los clasificatorios para el Campeonato de Espa\u00f1a de Duatl\u00f3n en Soria comenzar\u00e1n el 2 de febrero con el Duatl\u00f3n de Oviedo, que ser\u00e1 adem\u00e1s prueba de selecci\u00f3n para el Campeonato de Europa de Duatl\u00f3n de Punta Umbr\u00eda que se celebrar\u00e1 poco m\u00e1s de un mes despu\u00e9s. Se podr\u00e1n lograr plazas tambi\u00e9n en Berlanga de Duero, el 8 de febrero; \u00c1guilas, el \u00a016 de febrero; Poio, el 23 de febrero; Tomelloso, el 15 de marzo; y Peguera, Mallorca, el 29 de marzo.<\/p>\n","protected":false},"excerpt":{"rendered":"<p>La Comisi\u00f3n Delegada de la Federaci\u00f3n Espa\u00f1ola de Triatl\u00f3n ha aprobado la celebraci\u00f3n de nuevas pruebas de \u00e1mbito nacional e internacional en Espa\u00f1a, y concreci\u00f3n de fechas o sedes para campeonatos de Espa\u00f1a 2020 pendientes. El mejor duatl\u00f3n internacional se dar\u00e1 cita en el Campeonato de Europa de Punta Umbr\u00eda, los d\u00edas 7 y 8 [&hellip;]<\/p>\n","protected":false},"author":6,"featured_media":64820,"comment_status":"closed","ping_status":"closed","sticky":false,"template":"","format":"standard","meta":{"_acf_changed":false,"rank_math_lock_modified_date":false,"footnotes":""},"categories":[17,2033],"tags":[572,565,1044,4413,822,7244,980,24],"class_list":{"0":"post-64819","1":"post","2":"type-post","3":"status-publish","4":"format-standard","5":"has-post-thumbnail","7":"category-actualidad","8":"category-sport","9":"tag-duatlon","10":"tag-fetri","11":"tag-larga-distancia","12":"tag-media-distancia","13":"tag-olimpico","14":"tag-sedes","15":"tag-sprint","16":"tag-triatlon"},"acf":[],"_links":{"self":[{"href":"https:\/\/miurltemporal.com/main/triatletasenred.sport.es\/wp-json\/wp\/v2\/posts\/64819"}],"collection":[{"href":"https:\/\/miurltemporal.com/main/triatletasenred.sport.es\/wp-json\/wp\/v2\/posts"}],"about":[{"href":"https:\/\/miurltemporal.com/main/triatletasenred.sport.es\/wp-json\/wp\/v2\/types\/post"}],"author":[{"embeddable":true,"href":"https:\/\/miurltemporal.com/main/triatletasenred.sport.es\/wp-json\/wp\/v2\/users\/6"}],"replies":[{"embeddable":true,"href":"https:\/\/miurltemporal.com/main/triatletasenred.sport.es\/wp-json\/wp\/v2\/comments?post=64819"}],"version-history":[{"count":0,"href":"https:\/\/miurltemporal.com/main/triatletasenred.sport.es\/wp-json\/wp\/v2\/posts\/64819\/revisions"}],"wp:featuredmedia":[{"embeddable":true,"href":"https:\/\/miurltemporal.com/main/triatletasenred.sport.es\/wp-json\/wp\/v2\/media\/64820"}],"wp:attachment":[{"href":"https:\/\/miurltemporal.com/main/triatletasenred.sport.es\/wp-json\/wp\/v2\/media?parent=64819"}],"wp:term":[{"taxonomy":"category","embeddable":true,"href":"https:\/\/miurltemporal.com/main/triatletasenred.sport.es\/wp-json\/wp\/v2\/categories?post=64819"},{"taxonomy":"post_tag","embeddable":true,"href":"https:\/\/miurltemporal.com/main/triatletasenred.sport.es\/wp-json\/wp\/v2\/tags?post=64819"}],"curies":[{"name":"wp","href":"https:\/\/api.w.org\/{rel}","templated":true}]}}