{"id":64813,"date":"2019-10-18T15:05:41","date_gmt":"2019-10-18T13:05:41","guid":{"rendered":"https:\/\/miurltemporal.com/main/triatletasenred.sport.es\/?p=64813"},"modified":"2019-10-18T15:08:11","modified_gmt":"2019-10-18T13:08:11","slug":"el-joven-ciclista-edo-maas-paraplejico-tras-un-choque-con-un-coche","status":"publish","type":"post","link":"https:\/\/miurltemporal.com/main/triatletasenred.sport.es\/actualidad\/el-joven-ciclista-edo-maas-paraplejico-tras-un-choque-con-un-coche\/","title":{"rendered":"El j\u00f3ven ciclista Edo Maas, parapl\u00e9jico tras un choque con un coche"},"content":{"rendered":"<h3>El holand\u00e9s de tan s\u00f3lo 19 a\u00f1os sufri\u00f3 un accidente al colisionar contra un coche durante el <em>Piccola Lombardia<\/em><\/h3>\n<p><a href=\"https:\/\/www.inverseteams.com\/es\/ropa-de-triatlon-personalizada?utm_source=Triatletas%20En%20Red&amp;utm_medium=banner%20Triatletas%20En%20Red&amp;utm_campaign=Banner%20roba%20personalitzada%20Triatletas%20en%20Red%202019&amp;utm_term=Banner%20roba%20personalitzada%20Triatletas%20en%20Red%202019&amp;utm_content=Banner%20roba%20personalitzada%20Triatletas%20en%20Red%202019\" rel=\"nofollow noopener\" target=\"_blank\"><img fetchpriority=\"high\" decoding=\"async\" class=\"aligncenter size-full wp-image-63948\" src=\"https:\/\/miurltemporal.com/main/triatletasenred.sport.es\/wp-content\/uploads\/BANNER_triatletasenred_2019-1.gif\" alt=\"\" width=\"750\" height=\"150\" \/><\/a><\/p>\n<p>El lamentable suceso tuvo lugar el pasado 6 de octubre, durante la disputa de la prueba italiana cuando un coche circulaba en contra direcci\u00f3n, por un error de la log\u00edstica de la organizaci\u00f3n, justo cuando los ciclistas se encontraban en el descenso del Madonna del Ghisallo.<\/p>\n<p>Despu\u00e9s del choque, el j\u00f3ven fue trasladado r\u00e1pidamente al hospital de Mil\u00e1n donde est\u00e1 hospitalizado desde ese d\u00eda. En el mismo centro se le han practicado pruebas y cirug\u00edas para paliar los da\u00f1os f\u00edsicos, pero el pron\u00f3stico de Maas se mantiene reservado a sabiendas de que las m\u00faltiples fracturas en la espalda, cara y cuello, le han provocado paraplej\u00eda. Ser\u00e1 dif\u00edcil que el holand\u00e9s pueda volver a montar en bicicleta, pero la esperanza y el valor en estos casos es el motor para seguir adelante.<\/p>\n<p>Por su parte, el equipo Sunweb, al cual pertenece el ciclista en su divisi\u00f3n sub23, ha emitido el siguiente comunicado:<\/p>\n<p><em>&#8221;Edo est\u00e1 completamente consciente y lleva despierto desde hace un par de d\u00edas. Responde bien a sus familiares y compa\u00f1eros de equipo que le han visitado. Las fracturas en la espalda y las lesiones en la cara requirieron m\u00faltiples cirug\u00edas intensivas durante la \u00faltima semana, todas las cuales resultaron exitosas.<\/em><\/p>\n<p>Adem\u00e1s el equipo ha aprovechado para recordar a la Uni\u00f3n Ciclista Internacional, que debe velar por la seguridad de los corredores puesto que son los encargados de que este deporte viva.<\/p>\n<p><em>En este momento no hay m\u00e1s informaci\u00f3n disponible sobre la condici\u00f3n de Edo. Pedimos respetar a Edo y la privacidad de su familia, mientras asimilan esta dif\u00edcil noticia. Se proporcionar\u00e1 m\u00e1s informaci\u00f3n cuando sea necesario. Si bien esto no va a deshacer esta tragedia devastadora, una vez m\u00e1s pedimos a la UCI, para priorizar todo su tiempo y recursos para asegurar y garantizar la implementaci\u00f3n de condiciones de carrera seguras para los equipos y sus corredores. <\/em><\/p>\n<p><em>Esta semana ha sido extremadamente dif\u00edcil para la familia Team Sunweb, de la cual Edo y sus seres queridos son y siempre ser\u00e1n una parte central. Les enviamos todas nuestras fuerzas y oraciones en este momento dif\u00edcil.&#8221;<\/em><\/p>\n<p>Desde Triatletasenred.com mandamos todos nuestros \u00e1nimos y fuerzas para el corredor, la fam\u00edlia y el equipo.<\/p>\n","protected":false},"excerpt":{"rendered":"<p>El holand\u00e9s de tan s\u00f3lo 19 a\u00f1os sufri\u00f3 un accidente al colisionar contra un coche durante el Piccola Lombardia El lamentable suceso tuvo lugar el pasado 6 de octubre, durante la disputa de la prueba italiana cuando un coche circulaba en contra direcci\u00f3n, por un error de la log\u00edstica de la organizaci\u00f3n, justo cuando los [&hellip;]<\/p>\n","protected":false},"author":309,"featured_media":64814,"comment_status":"closed","ping_status":"closed","sticky":false,"template":"","format":"standard","meta":{"_acf_changed":false,"rank_math_lock_modified_date":false,"footnotes":""},"categories":[17],"tags":[7243,7242,1431,7239,7241,2921,7240],"class_list":{"0":"post-64813","1":"post","2":"type-post","3":"status-publish","4":"format-standard","5":"has-post-thumbnail","7":"category-actualidad","8":"tag-camion","9":"tag-choque","10":"tag-ciclista","11":"tag-edo-maas","12":"tag-paraplejico","13":"tag-sub23","14":"tag-sunweb"},"acf":[],"_links":{"self":[{"href":"https:\/\/miurltemporal.com/main/triatletasenred.sport.es\/wp-json\/wp\/v2\/posts\/64813"}],"collection":[{"href":"https:\/\/miurltemporal.com/main/triatletasenred.sport.es\/wp-json\/wp\/v2\/posts"}],"about":[{"href":"https:\/\/miurltemporal.com/main/triatletasenred.sport.es\/wp-json\/wp\/v2\/types\/post"}],"author":[{"embeddable":true,"href":"https:\/\/miurltemporal.com/main/triatletasenred.sport.es\/wp-json\/wp\/v2\/users\/309"}],"replies":[{"embeddable":true,"href":"https:\/\/miurltemporal.com/main/triatletasenred.sport.es\/wp-json\/wp\/v2\/comments?post=64813"}],"version-history":[{"count":0,"href":"https:\/\/miurltemporal.com/main/triatletasenred.sport.es\/wp-json\/wp\/v2\/posts\/64813\/revisions"}],"wp:featuredmedia":[{"embeddable":true,"href":"https:\/\/miurltemporal.com/main/triatletasenred.sport.es\/wp-json\/wp\/v2\/media\/64814"}],"wp:attachment":[{"href":"https:\/\/miurltemporal.com/main/triatletasenred.sport.es\/wp-json\/wp\/v2\/media?parent=64813"}],"wp:term":[{"taxonomy":"category","embeddable":true,"href":"https:\/\/miurltemporal.com/main/triatletasenred.sport.es\/wp-json\/wp\/v2\/categories?post=64813"},{"taxonomy":"post_tag","embeddable":true,"href":"https:\/\/miurltemporal.com/main/triatletasenred.sport.es\/wp-json\/wp\/v2\/tags?post=64813"}],"curies":[{"name":"wp","href":"https:\/\/api.w.org\/{rel}","templated":true}]}}