{"id":64695,"date":"2019-10-14T07:01:59","date_gmt":"2019-10-14T05:01:59","guid":{"rendered":"https:\/\/miurltemporal.com/main/triatletasenred.sport.es\/?p=64695"},"modified":"2019-10-19T01:14:12","modified_gmt":"2019-10-18T23:14:12","slug":"palabra-de-finisher-hablan-los-pros","status":"publish","type":"post","link":"https:\/\/miurltemporal.com/main/triatletasenred.sport.es\/actualidad\/palabra-de-finisher-hablan-los-pros\/","title":{"rendered":"Palabra de finisher, hablan los PROS"},"content":{"rendered":"<h3>Los integrantes del podio de este a\u00f1o nos cuentan su carrera<\/h3>\n<p><img decoding=\"async\" class=\"aligncenter size-full wp-image-63208\" src=\"https:\/\/miurltemporal.com/main/triatletasenred.sport.es\/wp-content\/uploads\/Breakaway_ES_250x120px_Road-MTB-e1565567650636.gif\" alt=\"\" width=\"250\" height=\"120\" \/><\/p>\n<p><strong>Jan Frodeno<\/strong><\/p>\n<p>Sigo aqu\u00ed. Nunca me he ido. Estas han sido las palabras con las que <strong>Frodo<\/strong> ha querido titular su pie de foto en el post que celebra su tercera victoria en la isla. <strong>Patrick Lange,\u00a0<\/strong>en un bonito gesto deportivo, ha reconocido la superioridad de su compatriota y le dedicaba las siguientes palabras &#8221;Campe\u00f3n! Felicidades por tu incre\u00edble actuaci\u00f3n&#8221;<\/p>\n<p>Jan a\u00f1ad\u00eda a pie de meta &#8221;Ha sido el mejor d\u00eda de mi carrera deportiva, mi mejor <em>performance, <\/em>las mejores piernas&#8230; incre\u00edble.&#8221;<\/p>\n<p><strong>Timothy O&#8217;Donnell,\u00a0<\/strong><\/p>\n<p>&#8221;Me duele todo, pero estoy s\u00faper contento.&#8221; El estadounidense llegaba a Kona con dudas despu\u00e9s de atravesar una lesi\u00f3n ten\u00eda fuerzas para hacer alg\u00fan ingenioso chascarrillo &#8221; Me sent\u00ed fuerte durante toda la carrera y decid\u00ed probar a los otros competidores cuando vi que me quedaba con Ali y Jan y sabiendo que yo no ostentaba ninguna de los tres oros ol\u00edmpicos del grupo.&#8221;<\/p>\n<p><strong>Sebastian Kienle<\/strong><\/p>\n<p><strong>Kienle<\/strong> se mostraba muy feliz en las redes tras su tremenda remontada, y aprovechaba para felicitar la gesta de sus compa\u00f1eros de podio, as\u00ed c\u00f3mo los que entraban por detr\u00e1s suyo, <strong>Ben Hoffman y Cameron Wurf<\/strong><\/p>\n<p>&#8221;Lo he dado todo, sab\u00eda que ten\u00eda que hacer algo extraordinario para conseguir estar delante. Al bajarme a correr en la marat\u00f3n sab\u00eda que pod\u00eda estar cerca de un 2:40h y me llegu\u00e9 a plantear la victoria. Despu\u00e9s la carrera te pone en tu sitio y vuelves a la realidad, pero estoy muy contento.&#8221; aseguraba.<\/p>\n<p>&nbsp;<\/p>\n<p><strong>Anne Haug<\/strong><\/p>\n<p>&#8221;A\u00fan no me lo creo&#8230; creo que voy a necesitar un par de d\u00edas para asimilarlo, \u00a1Estoy tremendamente feliz! Se me ha colapsado hasta el Whatsapp&#8221; Bromeaba la germana, tras conseguir la que fue la 10\u00aa mejor marat\u00f3n de todos los pros &#8221;Llegaba con alguna duda sobre mi posible rendimiento al bajarme a correr tras pasar por una lesi\u00f3n, pero al bajarme sent\u00ed que ten\u00eda muy buenas sensaciones y con la ausencia de <strong>Ryf<\/strong> en la caza, todo se me puso de cara&#8221;<\/p>\n<p><strong>Haug\u00a0<\/strong>rend\u00eda respetos a Charles despu\u00e9s de admirar la valent\u00eda con la que la brit\u00e1nica comand\u00f3 la mayor\u00eda de la carrera en solitario. &#8221;Seguro que estamos delante de la que va a ser la dominadora mundial por muchos a\u00f1os, me supo hasta mal pasarla&#8230;&#8221;<\/p>\n<p><strong>Lucy Charles-Barclay<\/strong><\/p>\n<p>&#8221;Estoy muy contenta de mi carrera. Estaba esperando la llegada de <strong>Daniela\u00a0<\/strong>en la bici, pero a\u00fan as\u00ed prefer\u00ed mantener la cabeza abajo y las piernas con fuerza.&#8221; La brit\u00e1nica se baj\u00f3 a correr con una renta de 10&#8242; respecto a sus perseguidoras. &#8221; El p\u00fablico ha estado incre\u00edble, eso me ayud\u00f3 a sentirme m\u00e1s fuerte, aunque s\u00f3lo con poner pie a tierra, las piernas parec\u00edan dos palos.&#8221;<\/p>\n<p><strong>Sarah Crowley<\/strong><\/p>\n<p>&#8221;Me siento genial, esta carrera siempre saca lo mejor de m\u00ed. Lo que ha hecho <strong>Lucy\u00a0<\/strong>ha sido admirable, por detr\u00e1s la persegu\u00edamos y su ritmo parec\u00eda imparable&#8230;&#8221; La australiana asegur\u00f3 que tuvo que gestionar las fuerzas en el tramo ciclista ya que eran muchas las chicas que iniciaron ataques tras cada punto de avituallamiento.<\/p>\n<p>&nbsp;<\/p>\n<p>&nbsp;<\/p>\n","protected":false},"excerpt":{"rendered":"<p>Los integrantes del podio de este a\u00f1o nos cuentan su carrera Jan Frodeno Sigo aqu\u00ed. Nunca me he ido. Estas han sido las palabras con las que Frodo ha querido titular su pie de foto en el post que celebra su tercera victoria en la isla. Patrick Lange,\u00a0en un bonito gesto deportivo, ha reconocido la [&hellip;]<\/p>\n","protected":false},"author":309,"featured_media":64696,"comment_status":"closed","ping_status":"closed","sticky":false,"template":"","format":"standard","meta":{"_acf_changed":false,"rank_math_lock_modified_date":false,"footnotes":""},"categories":[17,19,1191],"tags":[7192,7205,404,1936,372,6197,7203,6287,2248,7206],"class_list":{"0":"post-64695","1":"post","2":"type-post","3":"status-publish","4":"format-standard","5":"has-post-thumbnail","7":"category-actualidad","8":"category-competiciones","9":"category-triatlon","10":"tag-anne-haug","11":"tag-declaraciones","12":"tag-ironman","13":"tag-jan-frodeno","14":"tag-kona","15":"tag-lucy-charles","17":"tag-sarah-crowley","18":"tag-sebastian-kienle","19":"tag-tim-odonnell"},"acf":[],"_links":{"self":[{"href":"https:\/\/miurltemporal.com/main/triatletasenred.sport.es\/wp-json\/wp\/v2\/posts\/64695"}],"collection":[{"href":"https:\/\/miurltemporal.com/main/triatletasenred.sport.es\/wp-json\/wp\/v2\/posts"}],"about":[{"href":"https:\/\/miurltemporal.com/main/triatletasenred.sport.es\/wp-json\/wp\/v2\/types\/post"}],"author":[{"embeddable":true,"href":"https:\/\/miurltemporal.com/main/triatletasenred.sport.es\/wp-json\/wp\/v2\/users\/309"}],"replies":[{"embeddable":true,"href":"https:\/\/miurltemporal.com/main/triatletasenred.sport.es\/wp-json\/wp\/v2\/comments?post=64695"}],"version-history":[{"count":0,"href":"https:\/\/miurltemporal.com/main/triatletasenred.sport.es\/wp-json\/wp\/v2\/posts\/64695\/revisions"}],"wp:featuredmedia":[{"embeddable":true,"href":"https:\/\/miurltemporal.com/main/triatletasenred.sport.es\/wp-json\/wp\/v2\/media\/64696"}],"wp:attachment":[{"href":"https:\/\/miurltemporal.com/main/triatletasenred.sport.es\/wp-json\/wp\/v2\/media?parent=64695"}],"wp:term":[{"taxonomy":"category","embeddable":true,"href":"https:\/\/miurltemporal.com/main/triatletasenred.sport.es\/wp-json\/wp\/v2\/categories?post=64695"},{"taxonomy":"post_tag","embeddable":true,"href":"https:\/\/miurltemporal.com/main/triatletasenred.sport.es\/wp-json\/wp\/v2\/tags?post=64695"}],"curies":[{"name":"wp","href":"https:\/\/api.w.org\/{rel}","templated":true}]}}