{"id":64666,"date":"2019-10-11T11:04:57","date_gmt":"2019-10-11T09:04:57","guid":{"rendered":"https:\/\/miurltemporal.com/main/triatletasenred.sport.es\/?p=64666"},"modified":"2019-10-12T13:40:42","modified_gmt":"2019-10-12T11:40:42","slug":"horarios-protour-fetri","status":"publish","type":"post","link":"https:\/\/miurltemporal.com/main/triatletasenred.sport.es\/actualidad\/horarios-protour-fetri\/","title":{"rendered":"Las previsiones de lluvia modifican la disputa del ProTour FETRI Pontevedra"},"content":{"rendered":"<h3 style=\"text-align: justify\">Las previsiones meteorol\u00f3gicas han puesto a prueba la capacidad de improvisaci\u00f3n y de trabajo de la organizaci\u00f3n de esta primera edici\u00f3n del ProTour FETRI que finalmente se disputar\u00e1 de manera \u00edntegra ma\u00f1ana s\u00e1bado 12 de octubre<\/h3>\n<p style=\"text-align: justify\"><a href=\"https:\/\/www.inverseteams.com\/es\/ropa-de-triatlon-personalizada?utm_source=Triatletas%20En%20Red&#038;utm_medium=banner%20Triatletas%20En%20Red&#038;utm_campaign=Banner%20roba%20personalitzada%20Triatletas%20en%20Red%202019&#038;utm_term=Banner%20roba%20personalitzada%20Triatletas%20en%20Red%202019&#038;utm_content=Banner%20roba%20personalitzada%20Triatletas%20en%20Red%202019\" rel=\"nofollow noopener\" target=\"_blank\"><img fetchpriority=\"high\" decoding=\"async\" src=\"https:\/\/miurltemporal.com/main/triatletasenred.sport.es\/wp-content\/uploads\/BANNER_triatletasenred_2019-1.gif\" class=\"aligncenter size-full wp-image-63948\" alt=\"\" width=\"750\" height=\"150\"><\/a><\/p>\n<p style=\"text-align: justify\">La organizaci\u00f3n de <strong>ProTour FETRI Pontevedra<\/strong> ha tenido que moverse con agilidad para intentar garantizar la celebraci\u00f3n de esta primera edici\u00f3n. Con ese objetivo las competiciones cambian de horarios y formato de manera que todas las competiciones previstas para el fin de semana se celebrar\u00e1n ma\u00f1ana en sesiones de ma\u00f1ana y tarde.<\/p>\n<p style=\"text-align: justify\">El <strong>s\u00e1bado al mediod\u00eda<\/strong> se disputar\u00e1n dos semifinales de cada categor\u00eda, masculina y femenina, sobre distancia SuperSprint (250 m. de nataci\u00f3n, 7\u20192 km. de ciclismo y 1\u20197 de carrera a pie) en las que participar\u00e1n los triatletas repartidos en funci\u00f3n de su dorsal, par o impar. En cada semifinal se clasificar\u00e1n los diez primeros deportistas, a los que se a\u00f1adir\u00e1n los cuatro mejores tiempos del global de las dos semifinales.<\/p>\n<p style=\"text-align: justify\"><strong>Por la tarde<\/strong> se disputar\u00e1 una \u00fanica carrera, el doble SuperSprint eliminatorio previsto, y la ganadora y el ganador del ProTour FETRI Pontevedra 2019 ser\u00e1n la mujer y el hombre que crucen la l\u00ednea de meta en primera posici\u00f3n, sin necesidad de acudir a la suma de puntos prevista por las dos jornadas. En el SuperSprint eliminatorio final saldr\u00e1n 24 deportistas por categor\u00eda, quedar\u00e1n eliminados los dos \u00faltimos o dos \u00faltimas al t\u00e9rmino de cada segmento (nataci\u00f3n, ciclismo, carrera, nataci\u00f3n y ciclismo) y terminar\u00e1n la prueba 14 triatletas que se jugar\u00e1n la victoria&nbsp; los premios econ\u00f3micos para los diez primeros puestos de la final.<\/p>\n<p style=\"text-align: justify\">La prueba se podr\u00e1 ver en directo por el canal de <a href=\"https:\/\/www.laligasports.es\" rel=\"nofollow noopener\" target=\"_blank\">LA LIGA 4 SPORTS<\/a><\/p>\n<div>El horario de emisi\u00f3n<\/div>\n<div>\n<ul style=\"caret-color: rgb(0, 0, 0); color: rgb(0, 0, 0); font-family: UICTFontTextStyleBody; font-size: 17px; font-style: normal; font-variant-caps: normal; font-weight: normal; letter-spacing: normal; orphans: auto; text-align: start; text-indent: 0px; text-transform: none; white-space: normal; widows: auto; word-spacing: 0px; -webkit-tap-highlight-color: rgba(26, 26, 26, 0.301961); -webkit-text-size-adjust: auto; -webkit-text-stroke-width: 0px; text-decoration: none\">\n<li style=\"margin-left: 15px\">Ma\u00f1ana \u2013 semifinales desde las 11.40<\/li>\n<li style=\"margin-left: 15px\">Tarde \u2013 finales desde las 16.40<\/li>\n<\/ul>\n<\/div>\n<h3 style=\"text-align: justify\">HORARIOS DEFINITIVOS<\/h3>\n<hr>\n<p style=\"text-align: justify\">12 h. Semifinal A femenina (dorsales impares)<\/p>\n<p style=\"text-align: justify\">12:30 h. Semifinal B femenina (dorsales pares)<\/p>\n<p style=\"text-align: justify\">13:00 h. Semifinal A masculina (dorsales impares)<\/p>\n<p style=\"text-align: justify\">13:30 h. Semifinal B masculina (dorsales pares)<\/p>\n<p style=\"text-align: justify\">17:00 h. Final doble SuperSprint eliminatorio femenino<\/p>\n<p style=\"text-align: justify\">18:15 h. Final doble SuperSprint eliminatorio masculino<\/p>\n<p style=\"text-align: justify\">19 h. Entrega de Premios ProTour FETRI<\/p>\n","protected":false},"excerpt":{"rendered":"<p>Las previsiones meteorol\u00f3gicas han puesto a prueba la capacidad de improvisaci\u00f3n y de trabajo de la organizaci\u00f3n de esta primera edici\u00f3n del ProTour FETRI que finalmente se disputar\u00e1 de manera \u00edntegra ma\u00f1ana s\u00e1bado 12 de octubre La organizaci\u00f3n de ProTour FETRI Pontevedra ha tenido que moverse con agilidad para intentar garantizar la celebraci\u00f3n de esta [&hellip;]<\/p>\n","protected":false},"author":2,"featured_media":64667,"comment_status":"closed","ping_status":"closed","sticky":false,"template":"","format":"standard","meta":{"_acf_changed":false,"rank_math_lock_modified_date":false,"footnotes":""},"categories":[17],"tags":[],"class_list":{"0":"post-64666","1":"post","2":"type-post","3":"status-publish","4":"format-standard","5":"has-post-thumbnail","7":"category-actualidad"},"acf":[],"_links":{"self":[{"href":"https:\/\/miurltemporal.com/main/triatletasenred.sport.es\/wp-json\/wp\/v2\/posts\/64666"}],"collection":[{"href":"https:\/\/miurltemporal.com/main/triatletasenred.sport.es\/wp-json\/wp\/v2\/posts"}],"about":[{"href":"https:\/\/miurltemporal.com/main/triatletasenred.sport.es\/wp-json\/wp\/v2\/types\/post"}],"author":[{"embeddable":true,"href":"https:\/\/miurltemporal.com/main/triatletasenred.sport.es\/wp-json\/wp\/v2\/users\/2"}],"replies":[{"embeddable":true,"href":"https:\/\/miurltemporal.com/main/triatletasenred.sport.es\/wp-json\/wp\/v2\/comments?post=64666"}],"version-history":[{"count":0,"href":"https:\/\/miurltemporal.com/main/triatletasenred.sport.es\/wp-json\/wp\/v2\/posts\/64666\/revisions"}],"wp:featuredmedia":[{"embeddable":true,"href":"https:\/\/miurltemporal.com/main/triatletasenred.sport.es\/wp-json\/wp\/v2\/media\/64667"}],"wp:attachment":[{"href":"https:\/\/miurltemporal.com/main/triatletasenred.sport.es\/wp-json\/wp\/v2\/media?parent=64666"}],"wp:term":[{"taxonomy":"category","embeddable":true,"href":"https:\/\/miurltemporal.com/main/triatletasenred.sport.es\/wp-json\/wp\/v2\/categories?post=64666"},{"taxonomy":"post_tag","embeddable":true,"href":"https:\/\/miurltemporal.com/main/triatletasenred.sport.es\/wp-json\/wp\/v2\/tags?post=64666"}],"curies":[{"name":"wp","href":"https:\/\/api.w.org\/{rel}","templated":true}]}}