{"id":64618,"date":"2019-10-08T06:59:58","date_gmt":"2019-10-08T04:59:58","guid":{"rendered":"https:\/\/miurltemporal.com/main/triatletasenred.sport.es\/?p=64618"},"modified":"2019-10-08T01:19:24","modified_gmt":"2019-10-07T23:19:24","slug":"victor-del-corral-arrasa-el-natureman","status":"publish","type":"post","link":"https:\/\/miurltemporal.com/main/triatletasenred.sport.es\/actualidad\/victor-del-corral-arrasa-el-natureman\/","title":{"rendered":"V\u00edctor del Corral arrasa el Natureman"},"content":{"rendered":"<h3>El atleta de Inverse logra una brillante victoria en tierras francesas, tras dos podios en 2017 y 2018.<\/h3>\n<p><img fetchpriority=\"high\" decoding=\"async\" class=\"aligncenter size-full wp-image-63948\" src=\"https:\/\/miurltemporal.com/main/triatletasenred.sport.es\/wp-content\/uploads\/BANNER_triatletasenred_2019-1.gif\" alt=\"\" width=\"750\" height=\"150\" \/><\/p>\n<p>V\u00edctor del Corral no defrauda y se impone dando c\u00e1tedra en el exigente circuito del Half Natureman, puesto que el circuito de 90km acumula un desnivel positivo de 2000m con fuertes pendientes en algunos puntos del ciclismo.<\/p>\n<p>El catal\u00e1n sal\u00eda rezagado del agua a m\u00e1s de tres minutos de un d\u00fao con <strong>Joan Ruvireta<\/strong>, pero ya en la bicicleta, del Corral daba muestras de sus aptitudes hasta situarse en T2 a un minuto del l\u00edder de la carrera, <strong>Bertrand Billard.<\/strong><\/p>\n<p>En los 19,5km finales, no deja lugar a dudas, y V\u00edctor se impone con un gran parcial de 1h16&#8242; que demuestra la dureza del circuito (200m +), con una renta de 6&#8217;35&#8221; con el franc\u00e9s <strong>Billard<\/strong> y 6&#8217;42&#8221; sobre <strong>Andr\u00e9 Anizan<\/strong>. <strong>Ruvireta<\/strong> consigue la medalla de chocolate y <strong>Jov\u00e9<\/strong> es sexto.<\/p>\n<p><strong>Roc\u00edo Chaves<\/strong> consigue una 4\u00aa plaza en mujeres, donde vencedora fue <strong>Charlotte Morel<\/strong>.<\/p>\n","protected":false},"excerpt":{"rendered":"<p>El atleta de Inverse logra una brillante victoria en tierras francesas, tras dos podios en 2017 y 2018. V\u00edctor del Corral no defrauda y se impone dando c\u00e1tedra en el exigente circuito del Half Natureman, puesto que el circuito de 90km acumula un desnivel positivo de 2000m con fuertes pendientes en algunos puntos del ciclismo. [&hellip;]<\/p>\n","protected":false},"author":309,"featured_media":60767,"comment_status":"closed","ping_status":"closed","sticky":false,"template":"","format":"standard","meta":{"_acf_changed":false,"rank_math_lock_modified_date":false,"footnotes":""},"categories":[17,19,2033,1191],"tags":[7185,2180,2056,5884,24,279],"class_list":{"0":"post-64618","1":"post","2":"type-post","3":"status-publish","4":"format-standard","5":"has-post-thumbnail","7":"category-actualidad","8":"category-competiciones","9":"category-sport","10":"category-triatlon","11":"tag-charlotte-morel","12":"tag-francia","13":"tag-inverse","14":"tag-natureman","15":"tag-triatlon","16":"tag-victor-del-corral"},"acf":[],"_links":{"self":[{"href":"https:\/\/miurltemporal.com/main/triatletasenred.sport.es\/wp-json\/wp\/v2\/posts\/64618"}],"collection":[{"href":"https:\/\/miurltemporal.com/main/triatletasenred.sport.es\/wp-json\/wp\/v2\/posts"}],"about":[{"href":"https:\/\/miurltemporal.com/main/triatletasenred.sport.es\/wp-json\/wp\/v2\/types\/post"}],"author":[{"embeddable":true,"href":"https:\/\/miurltemporal.com/main/triatletasenred.sport.es\/wp-json\/wp\/v2\/users\/309"}],"replies":[{"embeddable":true,"href":"https:\/\/miurltemporal.com/main/triatletasenred.sport.es\/wp-json\/wp\/v2\/comments?post=64618"}],"version-history":[{"count":0,"href":"https:\/\/miurltemporal.com/main/triatletasenred.sport.es\/wp-json\/wp\/v2\/posts\/64618\/revisions"}],"wp:featuredmedia":[{"embeddable":true,"href":"https:\/\/miurltemporal.com/main/triatletasenred.sport.es\/wp-json\/wp\/v2\/media\/60767"}],"wp:attachment":[{"href":"https:\/\/miurltemporal.com/main/triatletasenred.sport.es\/wp-json\/wp\/v2\/media?parent=64618"}],"wp:term":[{"taxonomy":"category","embeddable":true,"href":"https:\/\/miurltemporal.com/main/triatletasenred.sport.es\/wp-json\/wp\/v2\/categories?post=64618"},{"taxonomy":"post_tag","embeddable":true,"href":"https:\/\/miurltemporal.com/main/triatletasenred.sport.es\/wp-json\/wp\/v2\/tags?post=64618"}],"curies":[{"name":"wp","href":"https:\/\/api.w.org\/{rel}","templated":true}]}}