{"id":64561,"date":"2019-10-03T06:59:40","date_gmt":"2019-10-03T04:59:40","guid":{"rendered":"https:\/\/miurltemporal.com/main/triatletasenred.sport.es\/?p=64561"},"modified":"2019-10-03T13:19:14","modified_gmt":"2019-10-03T11:19:14","slug":"los-80-protour-a-punto-para-pontevedra","status":"publish","type":"post","link":"https:\/\/miurltemporal.com/main/triatletasenred.sport.es\/competiciones\/los-80-protour-a-punto-para-pontevedra\/","title":{"rendered":"Los 80 ProTour a punto para Pontevedra"},"content":{"rendered":"<h3>Te dejamos la startlist para lo que ser\u00e1 la competici\u00f3n del a\u00f1o, lo mejorcito del triatl\u00f3n espa\u00f1ol en Pontevedra.<\/h3>\n<p><img fetchpriority=\"high\" decoding=\"async\" class=\"aligncenter size-full wp-image-63948\" src=\"https:\/\/miurltemporal.com/main/triatletasenred.sport.es\/wp-content\/uploads\/BANNER_triatletasenred_2019-1.gif\" alt=\"\" width=\"750\" height=\"150\" \/><\/p>\n<p>El <strong>ProTour<\/strong>, que otorgar\u00e1 m\u00e1s de 37.000\u20ac en premios, se conforma de dos pruebas, de car\u00e1cter explosivo y trepidante. Ambas ser\u00e1n retransmitidas por LaLigaSportsTV, d\u00f3nde podremos ver unos formatos que van a favorecer a los triatletas m\u00e1s j\u00f3venes, c\u00f3mo bien podemos ver en la Super League.<\/p>\n<p>&nbsp;<\/p>\n<p>La primera de ellas ser\u00e1 un <strong>doble Supersprint<\/strong> consecutivo, donde el reloj no se detiene en ning\u00fan momento. Los deportistas inician la competici\u00f3n, y se ir\u00e1n eliminando 5 en cada disciplina deportiva, toda vez que se har\u00e1n dos series a todo el recorrido:<\/p>\n<ul>\n<li>250 m a 300 m de nataci\u00f3n, 5 km a 8 km de ciclismo y 1,5 km a 2 km de carrera<\/li>\n<\/ul>\n<p>Por \u00faltimo, quedar\u00e1n 15 deportistas en carrera que \ufb01nalizar\u00e1n la competici\u00f3n y recibir\u00e1n puntos del 15 al 1, siendo 15 al primero deportista clasi\ufb01cado.<\/p>\n<p>La prueba definitiva ser\u00e1 un<strong> Supersprint eliminatorio.<\/strong> Los 40 deportistas entran en uno sorteo aleatorio, donde competir\u00e1n en la semi\ufb01nal A o la semi\ufb01nal B, y a partir de ah\u00ed se genera el siguiente calendario de pruebas.<\/p>\n<p>Se asignar\u00e1 puntuaci\u00f3n decreciente de 20 a 1, siendo 20 a la primera o el primer deportista clasi\ufb01cada\/o. La clasi\ufb01caci\u00f3n \ufb01nal vendr\u00e1 determinada por la suma de las mejores puntuaciones de cada deportista. En el caso de empate a puntos, la clasi\ufb01caci\u00f3n de la segunda jornada prevalecer\u00e1 sobre la primera.<\/p>\n<h3><strong>START LIST<\/strong><\/h3>\n<hr \/>\n<p>Los dorsales de honor ser\u00e1n otorgados por ranking ol\u00edmpico ITU. <strong>Anna Godoy, Sara P\u00e9rez Sala, Carol Routier, Mario Mola, Javier G\u00f3mez Noya, Fernando Alarza y Antonio Serrat<\/strong>, con las posibles invitaciones que podr\u00edan asignar la Direcci\u00f3n T\u00e9cnica de la FETRI y el Concello de Pontevedra.<\/p>\n<p>&nbsp;<\/p>\n<p><strong>Clasificados en A Coru\u00f1a, distancia Ol\u00edmpica.<\/strong><\/p>\n<hr \/>\n<ul>\n<li>Javier Lluch, Cesc Godoy, Andr\u00e9s Cend\u00e1n, Ander Noa\u00edn, Adri\u00e0 Mu\u00f1oz, \u00c1ngel Salamanca, V\u00edctor Benages, Iv\u00e1n Ivanov, Jes\u00fas Gomar, Roger Mirabet, Roberto S\u00e1nchez Mantec\u00f3n, Andr\u00e9s Eduardo D\u00edaz, David Puertas y Enric Joan Tejedor, Alejandro Ca\u00f1as, Jordi Relats, Aleix Domenech y Rub\u00e9n Pereira.<\/li>\n<li>Anneke Jenkins, Camila Alonso, Diana Marcela Castillo, Joselyn Brea, Iratxe Arenal, Ir\u00eda Rodr\u00edguez, Sara Bonilla, Mar\u00eda Varo, Delioma Gonz\u00e1lez, Esther G\u00f3mez, Yaiza Saiz, Roc\u00edo Molas, Usoa Ostolaza y Andrea Fern\u00e1ndez.<\/li>\n<\/ul>\n<p><strong>Clasificados en Roquetas de Mar, distancia Sprint.<\/strong><\/p>\n<hr \/>\n<ul>\n<li>Alberto Gonz\u00e1lez, Gen\u00eds Grau, Jordi Garc\u00eda, David Castro, Romaric Forqu\u00e9s, Ignacio Gonz\u00e1lez, Kevin Tareko Vi\u00f1uela, Iv\u00e1n Gil, Guillem Montiel, Alberto Casti\u00f1eira, Javier Romo, Carlos Oliver, H\u00e9ctor Ar\u00e9valo, Albert Parre\u00f1o, Camilo Puertas y Antonio Benito.<\/li>\n<li>Tamara G\u00f3mez, Xisca Tous, Laura G\u00f3mez, Mar\u00eda Rico, Noelia Juan, Sara Guerrero, Claudia P\u00e9rez, Ana Mariblanca, Marta Pintanel, Paula Herrero, Raquel Ar\u00f3stegui, Paula Garc\u00eda Godino, Sof\u00eda Aguayo, Sonia Ruiz, Ana Mar\u00eda Santiso y Edymar Brea.<\/li>\n<\/ul>\n<p><strong>Reservas<\/strong><\/p>\n<hr \/>\n<ul>\n<li>Marina Castro, Alba \u00c1lvarez, Sharon Bel\u00e9n Garc\u00eda, Tania \u00c1lvarez, Gloria Elisa Mart\u00ednez, Anna Flaquer, Bel\u00e9n S\u00e1nchez, Nuria Peix, Esther Rodr\u00edguez y Anneline Coutinho.<\/li>\n<li>David Puertas, Guillermo Cuchillo, Guillem Segura, \u00c1lvaro Mart\u00ednez, Samer Ali-Saad, Javier Mart\u00edn, Mikel Ibergallartu, Arnau Montiel, Jaime Rodado y Alejandro \u00c1lvarez.<\/li>\n<\/ul>\n","protected":false},"excerpt":{"rendered":"<p>Te dejamos la startlist para lo que ser\u00e1 la competici\u00f3n del a\u00f1o, lo mejorcito del triatl\u00f3n espa\u00f1ol en Pontevedra. El ProTour, que otorgar\u00e1 m\u00e1s de 37.000\u20ac en premios, se conforma de dos pruebas, de car\u00e1cter explosivo y trepidante. Ambas ser\u00e1n retransmitidas por LaLigaSportsTV, d\u00f3nde podremos ver unos formatos que van a favorecer a los triatletas [&hellip;]<\/p>\n","protected":false},"author":309,"featured_media":64564,"comment_status":"closed","ping_status":"closed","sticky":false,"template":"","format":"standard","meta":{"_acf_changed":false,"rank_math_lock_modified_date":false,"footnotes":""},"categories":[19,17,1191],"tags":[4511,299,4289,375,565,4399,4689,893,7028,2482],"class_list":{"0":"post-64561","1":"post","2":"type-post","3":"status-publish","4":"format-standard","5":"has-post-thumbnail","7":"category-competiciones","8":"category-actualidad","9":"category-triatlon","10":"tag-alberto-gonzalez","11":"tag-anna-godoy","12":"tag-chente-hernandez","13":"tag-fernando-alarza","14":"tag-fetri","15":"tag-gomez-noya","16":"tag-javi-lluch","17":"tag-mario-mola","18":"tag-protour","19":"tag-tamara-gomez"},"acf":[],"_links":{"self":[{"href":"https:\/\/miurltemporal.com/main/triatletasenred.sport.es\/wp-json\/wp\/v2\/posts\/64561"}],"collection":[{"href":"https:\/\/miurltemporal.com/main/triatletasenred.sport.es\/wp-json\/wp\/v2\/posts"}],"about":[{"href":"https:\/\/miurltemporal.com/main/triatletasenred.sport.es\/wp-json\/wp\/v2\/types\/post"}],"author":[{"embeddable":true,"href":"https:\/\/miurltemporal.com/main/triatletasenred.sport.es\/wp-json\/wp\/v2\/users\/309"}],"replies":[{"embeddable":true,"href":"https:\/\/miurltemporal.com/main/triatletasenred.sport.es\/wp-json\/wp\/v2\/comments?post=64561"}],"version-history":[{"count":0,"href":"https:\/\/miurltemporal.com/main/triatletasenred.sport.es\/wp-json\/wp\/v2\/posts\/64561\/revisions"}],"wp:featuredmedia":[{"embeddable":true,"href":"https:\/\/miurltemporal.com/main/triatletasenred.sport.es\/wp-json\/wp\/v2\/media\/64564"}],"wp:attachment":[{"href":"https:\/\/miurltemporal.com/main/triatletasenred.sport.es\/wp-json\/wp\/v2\/media?parent=64561"}],"wp:term":[{"taxonomy":"category","embeddable":true,"href":"https:\/\/miurltemporal.com/main/triatletasenred.sport.es\/wp-json\/wp\/v2\/categories?post=64561"},{"taxonomy":"post_tag","embeddable":true,"href":"https:\/\/miurltemporal.com/main/triatletasenred.sport.es\/wp-json\/wp\/v2\/tags?post=64561"}],"curies":[{"name":"wp","href":"https:\/\/api.w.org\/{rel}","templated":true}]}}