{"id":64494,"date":"2019-09-26T23:26:20","date_gmt":"2019-09-26T21:26:20","guid":{"rendered":"https:\/\/miurltemporal.com/main/triatletasenred.sport.es\/?p=64494"},"modified":"2019-09-27T08:43:39","modified_gmt":"2019-09-27T06:43:39","slug":"alicante-triatlon","status":"publish","type":"post","link":"https:\/\/miurltemporal.com/main/triatletasenred.sport.es\/actualidad\/alicante-triatlon\/","title":{"rendered":"M\u00e1s de 1.250 participantes en la start list del Alicante Triatl\u00f3n"},"content":{"rendered":"<h3><strong>La prueba de este fin de semana pondr\u00e1 punto y final a la liga Mediterr\u00e1nea Triatl\u00f3n 2019<\/strong><\/h3>\n<p><img fetchpriority=\"high\" decoding=\"async\" class=\"aligncenter wp-image-62100 size-full\" src=\"https:\/\/miurltemporal.com/main/triatletasenred.sport.es\/wp-content\/uploads\/Banner-maritim-post.gif\" alt=\"http:\/\/www.mediterraneatriatlon.com\/?utm_source=trienred2&amp;utm_medium=banner&amp;utm_campaign=inscripciones\" width=\"700\" height=\"150\" \/><\/p>\n<p><strong>Alicante<\/strong> ser\u00e1 el centro neur\u00e1lgico del triatl\u00f3n de la Comunidad Valenciana durante los d\u00edas <strong>28 y 29 de septiembre.<\/strong> M\u00e1s de 1.250 participantes se dar\u00e1n cita para disputar este consolidado triatl\u00f3n en sus tres diferentes distancias.<\/p>\n<p>La actividad dar\u00e1 comienzo el <strong>viernes 27 por la tarde<\/strong>. En la zona de la plaza del puerto los participantes de las pruebas del s\u00e1bado podr\u00e1n <strong>recoger su dorsal y presenciar la reuni\u00f3n t\u00e9cnica<\/strong>, donde se detallaran todos los pormenores de las competiciones.<\/p>\n<p>El<strong> s\u00e1bado por la ma\u00f1ana<\/strong> podremos disfrutar de las competiciones <strong>Supersprint<\/strong>, que tomar\u00e1n a la salida a partir de las <strong>8.30<\/strong>, <strong>media hora m\u00e1s tarde<\/strong> ser\u00e1 el turno de la prueba <strong>Sprint<\/strong>. A las 11.30 tendr\u00e1n lugar las diferentes entregas de premios. Por la tarde ser realizar\u00e1 la entrega de premios y reuni\u00f3n t\u00e9cnica del domingo.<\/p>\n<p>Como es habitual en el circuito Mediterr\u00e1nea Triatl\u00f3n, Alicante contar\u00e1 con una <strong>prueba escolar<\/strong> que ser\u00e1 en la primera jornada a las <strong>12 horas<\/strong>. Este Acuatl\u00f3n Escolar, ser\u00e1 el encargado de abrir los XXXVIII Juegos Deportivos Vialterra de la Comunidad Valenciana.<\/p>\n<p>Durante el <strong>segundo d\u00eda<\/strong> de competici\u00f3n se disputar\u00e1 la prueba en <strong>distancia ol\u00edmpica<\/strong>, que dar\u00e1 comienzo a las <strong>8.15 horas<\/strong>. Una vez finalizada la competici\u00f3n pondremos punto y final al circuito con la entrega de premios.<\/p>\n<p>Todos los triatletas nadaran en la playa del Postiguet, recorrer\u00e1n las calles de Alicante, en la distancia ol\u00edmpica tendr\u00e1n que rodear el castillo de Santa B\u00e1rbara y cruzaran la l\u00ednea de meta en la Plaza del Puerto. Unos recorridos muy intensos, en los que los participantes podr\u00e1n disfrutar de competir en una gran ciudad como es Alicante.<\/p>\n<p>Desde el viernes en la zona de la plaza del puerto los m\u00e1s <strong>peque\u00f1os<\/strong> de la casa podr\u00e1n disfrutar jugando del Triatl\u00f3n, en el \u00e1rea <strong>Minitriatl\u00f3n<\/strong>. Durante todo el fin de semana todas las ni\u00f1as y ni\u00f1os que lo deseen podr\u00e1n acercarse all\u00ed para realizar multitud de juegos relacionados con el deporte y el triatl\u00f3n. Todos los que participen podr\u00e1n llevarse una medalla conmemorativa.<\/p>\n<p>Durante el fin de semana tambi\u00e9n se pondr\u00e1 punto y final al circuito <strong>Mediterr\u00e1nea Triatl\u00f3n<\/strong>, que cuenta con tres importantes sedes Castell\u00f3n, Valencia y Alicante, y que a\u00f1o tras a\u00f1o se consolidad en el calendario auton\u00f3mico y nacional. En esta tercera edici\u00f3n Mediterr\u00e1nea Triatl\u00f3n ha conseguido contar con m\u00e1s de <strong>4.000 participantes<\/strong>. En las entregas de premios de cada modalidad se entregar\u00e1n los trofeos del circuito a todos aquellos que hayan participado en las tres sedes. Adem\u00e1s, podremos conocer a los tres clubes con mayor participaci\u00f3n, que conseguir\u00e1n 1.000\u20ac, 600\u20ac y 300\u20ac.<\/p>\n<p>M\u00e1s info en:<\/p>\n<p><a href=\"http:\/\/www.mediterraneatriatlon.com\/\" rel=\"nofollow noopener\" target=\"_blank\">www.mediterraneatriatlon.com<\/a><\/p>\n","protected":false},"excerpt":{"rendered":"<p>La prueba de este fin de semana pondr\u00e1 punto y final a la liga Mediterr\u00e1nea Triatl\u00f3n 2019 Alicante ser\u00e1 el centro neur\u00e1lgico del triatl\u00f3n de la Comunidad Valenciana durante los d\u00edas 28 y 29 de septiembre. M\u00e1s de 1.250 participantes se dar\u00e1n cita para disputar este consolidado triatl\u00f3n en sus tres diferentes distancias. La actividad [&hellip;]<\/p>\n","protected":false},"author":6,"featured_media":0,"comment_status":"closed","ping_status":"closed","sticky":false,"template":"","format":"standard","meta":{"_acf_changed":false,"rank_math_lock_modified_date":false,"footnotes":""},"categories":[17,2033],"tags":[7164,6057,980,4959],"class_list":{"0":"post-64494","1":"post","2":"type-post","3":"status-publish","4":"format-standard","6":"category-actualidad","7":"category-sport","8":"tag-alicante-triatlon","9":"tag-mediterranea-triatlon","10":"tag-sprint","11":"tag-supersprint"},"acf":[],"_links":{"self":[{"href":"https:\/\/miurltemporal.com/main/triatletasenred.sport.es\/wp-json\/wp\/v2\/posts\/64494"}],"collection":[{"href":"https:\/\/miurltemporal.com/main/triatletasenred.sport.es\/wp-json\/wp\/v2\/posts"}],"about":[{"href":"https:\/\/miurltemporal.com/main/triatletasenred.sport.es\/wp-json\/wp\/v2\/types\/post"}],"author":[{"embeddable":true,"href":"https:\/\/miurltemporal.com/main/triatletasenred.sport.es\/wp-json\/wp\/v2\/users\/6"}],"replies":[{"embeddable":true,"href":"https:\/\/miurltemporal.com/main/triatletasenred.sport.es\/wp-json\/wp\/v2\/comments?post=64494"}],"version-history":[{"count":0,"href":"https:\/\/miurltemporal.com/main/triatletasenred.sport.es\/wp-json\/wp\/v2\/posts\/64494\/revisions"}],"wp:attachment":[{"href":"https:\/\/miurltemporal.com/main/triatletasenred.sport.es\/wp-json\/wp\/v2\/media?parent=64494"}],"wp:term":[{"taxonomy":"category","embeddable":true,"href":"https:\/\/miurltemporal.com/main/triatletasenred.sport.es\/wp-json\/wp\/v2\/categories?post=64494"},{"taxonomy":"post_tag","embeddable":true,"href":"https:\/\/miurltemporal.com/main/triatletasenred.sport.es\/wp-json\/wp\/v2\/tags?post=64494"}],"curies":[{"name":"wp","href":"https:\/\/api.w.org\/{rel}","templated":true}]}}