{"id":64487,"date":"2019-09-26T12:12:11","date_gmt":"2019-09-26T10:12:11","guid":{"rendered":"https:\/\/miurltemporal.com/main/triatletasenred.sport.es\/?p=64487"},"modified":"2019-09-26T12:52:09","modified_gmt":"2019-09-26T10:52:09","slug":"doping-ironman","status":"publish","type":"post","link":"https:\/\/miurltemporal.com/main/triatletasenred.sport.es\/actualidad\/doping-ironman\/","title":{"rendered":"\u00a1Que un profesional se dope es de miserable, que lo haga un aficionado es de SUBNORMAL!"},"content":{"rendered":"<h3 style=\"text-align: justify;\">As\u00ed de tajante fue hace unos d\u00edas ante los dopados de grupos de edad nuestro doble campe\u00f3n del mundo de duatl\u00f3n, Emilio Mart\u00edn. Ayer se hicieron p\u00fablicos nuevos casos de doping en pruebas IRONMAN, una lacra que parece no tener fin.<\/h3>\n<p style=\"text-align: justify;\"><img fetchpriority=\"high\" decoding=\"async\" class=\"aligncenter size-large wp-image-64425\" src=\"https:\/\/miurltemporal.com/main/triatletasenred.sport.es\/wp-content\/uploads\/Kona-2019-1024x268.png\" alt=\"\" width=\"702\" height=\"184\" srcset=\"https:\/\/miurltemporal.com/main/triatletasenred.sport.es\/wp-content\/uploads\/Kona-2019-1024x268.png 1024w, https:\/\/miurltemporal.com/main/triatletasenred.sport.es\/wp-content\/uploads\/Kona-2019-700x183.png 700w, https:\/\/miurltemporal.com/main/triatletasenred.sport.es\/wp-content\/uploads\/Kona-2019-300x79.png 300w, https:\/\/miurltemporal.com/main/triatletasenred.sport.es\/wp-content\/uploads\/Kona-2019-768x201.png 768w, https:\/\/miurltemporal.com/main/triatletasenred.sport.es\/wp-content\/uploads\/Kona-2019-1536x402.png 1536w, https:\/\/miurltemporal.com/main/triatletasenred.sport.es\/wp-content\/uploads\/Kona-2019-2048x536.png 2048w, https:\/\/miurltemporal.com/main/triatletasenred.sport.es\/wp-content\/uploads\/Kona-2019-696x182.png 696w, https:\/\/miurltemporal.com/main/triatletasenred.sport.es\/wp-content\/uploads\/Kona-2019-1068x280.png 1068w, https:\/\/miurltemporal.com/main/triatletasenred.sport.es\/wp-content\/uploads\/Kona-2019-1920x503.png 1920w, https:\/\/miurltemporal.com/main/triatletasenred.sport.es\/wp-content\/uploads\/Kona-2019-1605x420.png 1605w, https:\/\/miurltemporal.com/main/triatletasenred.sport.es\/wp-content\/uploads\/Kona-2019-640x168.png 640w\" sizes=\"(max-width: 702px) 100vw, 702px\" \/><\/p>\n<p style=\"text-align: justify;\">Si hace unas semanas era\u00a0la detecci\u00f3n del positivo por dopaje del triatleta espa\u00f1ol Juan Antonio G\u00f3mez Gonz\u00e1lez, en una muestra recogida en competici\u00f3n en la edici\u00f3n de este a\u00f1o Ironman 70.3 de Marbella este a\u00f1o de nuevo, y seg\u00fan informaban ayer nuestros compa\u00f1eros de El Depornauta, la World Triathlon Corporation (WTC) suspendi\u00f3 cuatro temporadas al\u00a0argentino <strong>Pablo Escalas<\/strong> de 54 a\u00f1os porque incurri\u00f3 en \u201c<em>una administraci\u00f3n ex\u00f3gena de m\u00faltiples esteroides androg\u00e9nicos anab\u00f3licos<\/em>\u201d tal como se constat\u00f3 en el control antidoping efectuado durante el \u00a0IRONMAN Hawaii de octubre de 2018. La brasile\u00f1a <b>Flavia Rocha<\/b> y el costarricense <b>Eduardo Sol\u00eds<\/b> tuvieron igualmente la sanci\u00f3n de la WTC.<\/p>\n<p style=\"text-align: justify;\">Para m\u00e1s INRI, y seg\u00fan informa la revista argentina, Pablo Escalas ya fue descalificado y despojado de su v\u00edtola de campe\u00f3n del mundo en el Campeonato del Mundo IRONMAN 70.3 de 2018 por no haberse detenido tras una sanci\u00f3n en el circuito ciclista.<\/p>\n<p style=\"text-align: justify;\">Kate Mittelstadt, responsable del programa antidoping de la empresa IRONMAN declaraba que <strong><em>\u201cestos resultados y sanciones demuestran la importancia de nuestro compromiso para mantener la integridad de cada una de las carreras tanto a nivel elite profesional como en las categor\u00edas de edad amateur\u201d<\/em><\/strong>.<\/p>\n<p style=\"text-align: justify;\">Desde triatletasenred.com nos sumamos a la afirmaci\u00f3n de Emilio Mart\u00edn, <strong>fuera subnormales del triatl\u00f3n, y del deporte.\u00a0<\/strong><\/p>\n","protected":false},"excerpt":{"rendered":"<p>As\u00ed de tajante fue hace unos d\u00edas ante los dopados de grupos de edad nuestro doble campe\u00f3n del mundo de duatl\u00f3n, Emilio Mart\u00edn. Ayer se hicieron p\u00fablicos nuevos casos de doping en pruebas IRONMAN, una lacra que parece no tener fin. Si hace unas semanas era\u00a0la detecci\u00f3n del positivo por dopaje del triatleta espa\u00f1ol Juan [&hellip;]<\/p>\n","protected":false},"author":2,"featured_media":40758,"comment_status":"closed","ping_status":"closed","sticky":false,"template":"","format":"standard","meta":{"_acf_changed":false,"rank_math_lock_modified_date":false,"footnotes":""},"categories":[17,2033],"tags":[3011,7163,2562],"class_list":{"0":"post-64487","1":"post","2":"type-post","3":"status-publish","4":"format-standard","5":"has-post-thumbnail","7":"category-actualidad","8":"category-sport","9":"tag-dopaje","10":"tag-doping-ironman","11":"tag-emilio-martin"},"acf":[],"_links":{"self":[{"href":"https:\/\/miurltemporal.com/main/triatletasenred.sport.es\/wp-json\/wp\/v2\/posts\/64487"}],"collection":[{"href":"https:\/\/miurltemporal.com/main/triatletasenred.sport.es\/wp-json\/wp\/v2\/posts"}],"about":[{"href":"https:\/\/miurltemporal.com/main/triatletasenred.sport.es\/wp-json\/wp\/v2\/types\/post"}],"author":[{"embeddable":true,"href":"https:\/\/miurltemporal.com/main/triatletasenred.sport.es\/wp-json\/wp\/v2\/users\/2"}],"replies":[{"embeddable":true,"href":"https:\/\/miurltemporal.com/main/triatletasenred.sport.es\/wp-json\/wp\/v2\/comments?post=64487"}],"version-history":[{"count":0,"href":"https:\/\/miurltemporal.com/main/triatletasenred.sport.es\/wp-json\/wp\/v2\/posts\/64487\/revisions"}],"wp:featuredmedia":[{"embeddable":true,"href":"https:\/\/miurltemporal.com/main/triatletasenred.sport.es\/wp-json\/wp\/v2\/media\/40758"}],"wp:attachment":[{"href":"https:\/\/miurltemporal.com/main/triatletasenred.sport.es\/wp-json\/wp\/v2\/media?parent=64487"}],"wp:term":[{"taxonomy":"category","embeddable":true,"href":"https:\/\/miurltemporal.com/main/triatletasenred.sport.es\/wp-json\/wp\/v2\/categories?post=64487"},{"taxonomy":"post_tag","embeddable":true,"href":"https:\/\/miurltemporal.com/main/triatletasenred.sport.es\/wp-json\/wp\/v2\/tags?post=64487"}],"curies":[{"name":"wp","href":"https:\/\/api.w.org\/{rel}","templated":true}]}}