{"id":64444,"date":"2019-09-21T12:48:32","date_gmt":"2019-09-21T10:48:32","guid":{"rendered":"https:\/\/miurltemporal.com/main/triatletasenred.sport.es\/?p=64444"},"modified":"2019-09-21T12:48:55","modified_gmt":"2019-09-21T10:48:55","slug":"miriam-casillas-copa-del-mundo","status":"publish","type":"post","link":"https:\/\/miurltemporal.com/main/triatletasenred.sport.es\/actualidad\/miriam-casillas-copa-del-mundo\/","title":{"rendered":"Una enorme Miriam Casillas consigue la plata en Weihai ITU Triathlon World Cup"},"content":{"rendered":"<h3 style=\"text-align: justify;\">Buen papel de nuestras chicas en la Copa del Mundo de\u00a0Weihai con una gran Miriam Casillas que consigui\u00f3 la segunda posici\u00f3n mientras que Xisca Tous entraba en el Top 10 y Marta S\u00e1nchez en el Top20<\/h3>\n<p style=\"text-align: justify;\"><a href=\"https:\/\/www.canyon.com\/country\/language\/breakaway-sale\/?utm_campaign=BreakawaySale-ES-July2019&amp;utm_medium=display&amp;utm_source=triatletasenred\" rel=\"nofollow noopener\" target=\"_blank\"><img decoding=\"async\" class=\"aligncenter size-full wp-image-63208\" src=\"https:\/\/miurltemporal.com/main/triatletasenred.sport.es\/wp-content\/uploads\/Breakaway_ES_250x120px_Road-MTB-e1565567650636.gif\" alt=\"\" width=\"250\" height=\"120\" \/><\/a><\/p>\n<p style=\"text-align: justify;\">Gran actuaci\u00f3n de<strong> Miriam Casillas<\/strong> en\u00a0Weihai consiguiendo una segunda posici\u00f3n en una lista de salida en la que tan solo la gran favorita, la suiza <strong>Julie Derron<\/strong> entr\u00f3 por delante de nuestra representante con un tiempo de 2 horas y 8 minutos.<\/p>\n<p style=\"text-align: justify;\">Miriam realiz\u00f3 una carrera muy consistente. Tras un sector de nataci\u00f3n en el que se mantuvo en el grupo de las aspirantes y un sector de cliclismo en el que igualmente dio la cara, fue en la carrera a pie en la que se decidieron las posiciones y en la que los 37 minutos y 9 segundos del 10k final le dieron la plata a la atleta de Badajoz. La tercera posici\u00f3n fue para la italiana <strong>Verena Steinhauser<\/strong> a m\u00e1s de 20 segundos de Miriam.<\/p>\n<p style=\"text-align: justify;\">Por su parte la triatleta balear <strong>Xisca Tous<\/strong> completaba la prueba en la d\u00e9cima posici\u00f3n con una marca final de 2 horas 12minutos y 51 segundos mientras que <strong>Marta S\u00e1nchez<\/strong> entraba en 17\u00aa posici\u00f3n con un registro de 2\u00a0horas 14 minutos y 26segundos<\/p>\n","protected":false},"excerpt":{"rendered":"<p>Buen papel de nuestras chicas en la Copa del Mundo de\u00a0Weihai con una gran Miriam Casillas que consigui\u00f3 la segunda posici\u00f3n mientras que Xisca Tous entraba en el Top 10 y Marta S\u00e1nchez en el Top20 Gran actuaci\u00f3n de Miriam Casillas en\u00a0Weihai consiguiendo una segunda posici\u00f3n en una lista de salida en la que tan [&hellip;]<\/p>\n","protected":false},"author":2,"featured_media":59053,"comment_status":"closed","ping_status":"closed","sticky":false,"template":"","format":"standard","meta":{"_acf_changed":false,"rank_math_lock_modified_date":false,"footnotes":""},"categories":[17],"tags":[],"class_list":{"0":"post-64444","1":"post","2":"type-post","3":"status-publish","4":"format-standard","5":"has-post-thumbnail","7":"category-actualidad"},"acf":[],"_links":{"self":[{"href":"https:\/\/miurltemporal.com/main/triatletasenred.sport.es\/wp-json\/wp\/v2\/posts\/64444"}],"collection":[{"href":"https:\/\/miurltemporal.com/main/triatletasenred.sport.es\/wp-json\/wp\/v2\/posts"}],"about":[{"href":"https:\/\/miurltemporal.com/main/triatletasenred.sport.es\/wp-json\/wp\/v2\/types\/post"}],"author":[{"embeddable":true,"href":"https:\/\/miurltemporal.com/main/triatletasenred.sport.es\/wp-json\/wp\/v2\/users\/2"}],"replies":[{"embeddable":true,"href":"https:\/\/miurltemporal.com/main/triatletasenred.sport.es\/wp-json\/wp\/v2\/comments?post=64444"}],"version-history":[{"count":0,"href":"https:\/\/miurltemporal.com/main/triatletasenred.sport.es\/wp-json\/wp\/v2\/posts\/64444\/revisions"}],"wp:featuredmedia":[{"embeddable":true,"href":"https:\/\/miurltemporal.com/main/triatletasenred.sport.es\/wp-json\/wp\/v2\/media\/59053"}],"wp:attachment":[{"href":"https:\/\/miurltemporal.com/main/triatletasenred.sport.es\/wp-json\/wp\/v2\/media?parent=64444"}],"wp:term":[{"taxonomy":"category","embeddable":true,"href":"https:\/\/miurltemporal.com/main/triatletasenred.sport.es\/wp-json\/wp\/v2\/categories?post=64444"},{"taxonomy":"post_tag","embeddable":true,"href":"https:\/\/miurltemporal.com/main/triatletasenred.sport.es\/wp-json\/wp\/v2\/tags?post=64444"}],"curies":[{"name":"wp","href":"https:\/\/api.w.org\/{rel}","templated":true}]}}