{"id":63778,"date":"2019-08-15T17:14:52","date_gmt":"2019-08-15T15:14:52","guid":{"rendered":"https:\/\/miurltemporal.com/main/triatletasenred.sport.es\/?p=63778"},"modified":"2019-08-16T07:41:53","modified_gmt":"2019-08-16T05:41:53","slug":"judith-corachan-vence-el-mitico-embrunman-y-victor-del-corral-es-tercero","status":"publish","type":"post","link":"https:\/\/miurltemporal.com/main/triatletasenred.sport.es\/sport\/judith-corachan-vence-el-mitico-embrunman-y-victor-del-corral-es-tercero\/","title":{"rendered":"Judith Corachan vence el m\u00edtico Embrunman y Victor del Corral es tercero"},"content":{"rendered":"<h3 style=\"text-align: justify\">Grandes resultados para nuestros representantes en el triatl\u00f3n de larga distancia m\u00e1s duro del planeta. Judith Corach\u00e1n sigue su imparable y ascendente racha mientras que Victor Del Corral, tercero, agranda su curr\u00edculum en Embrun.<\/h3>\n<p style=\"text-align: justify\"><a href=\"https:\/\/www.inverseteams.com\/es\/ropa-de-triatlon-personalizada?utm_source=Triatletas%20En%20Red&#038;utm_medium=banner%20Triatletas%20En%20Red&#038;utm_campaign=Banner%20roba%20personalitzada%20Triatletas%20en%20Red%202019&#038;utm_term=Banner%20roba%20personalitzada%20Triatletas%20en%20Red%202019&#038;utm_content=Banner%20roba%20personalitzada%20Triatletas%20en%20Red%202019\" rel=\"nofollow noopener\" target=\"_blank\"><img fetchpriority=\"high\" decoding=\"async\" src=\"https:\/\/miurltemporal.com/main/triatletasenred.sport.es\/wp-content\/uploads\/BANNER_triatletasenred_2019.gif\" class=\"aligncenter size-full wp-image-62487\" alt=\"\" width=\"750\" height=\"150\"><\/a><\/p>\n<p style=\"text-align: justify\"><strong>Judith Corach\u00e1n<\/strong> parece no tener l\u00edmites y en una temporada para enmarcar y tras su espectacular actuaci\u00f3n en el IRONMAN Vitoria, la triatleta de Sant Boi ha conseguido hacer historia venciendo el exigente Embrunman.<\/p>\n<p style=\"text-align: justify\">Corach\u00e1n lider\u00f3 en su mejor sector, la nataci\u00f3n, y mantuvo el tipo a la competici\u00f3n durante el dur\u00edsimo sector ciclista de la prueba francesa baj\u00e1ndose cerca de la cabeza de carrera que en ese momento era para Tine Deckers con una ventaja de poco menos de 6 minutos sobre Corach\u00e1n.<\/p>\n<p style=\"text-align: justify\">As\u00ed fue la exigente marat\u00f3n la que marco sentencia y que coloc\u00f3 a <strong>Judith Corach\u00e1n<\/strong> en lo m\u00e1s alto del podio gracias a una espectacular carrera cuya solidez dio con la caza de <strong>Deckers<\/strong> pasado el ecuador de la marat\u00f3n con un ritmo que no dej\u00f3 hasta llegar a la meta bajando de las 11 horas. La belga Deckers mantuvo la segunda plaza a 3 minutos de nuestra vencedora y la tercera plaza fue para su compatriota <strong>Alexandra Tondeur<\/strong> 5 minutos m\u00e1s tarde.<\/p>\n<p style=\"text-align: justify\">Por su parte &nbsp;<strong>Victor del Corral<\/strong> consigui\u00f3 un meritorio podio en tierras francesas entrando en la tercera posici\u00f3n, quinto del catal\u00e1n en Embrun.<\/p>\n<p style=\"text-align: justify\">Nuestro &#8220;Conquistador&#8221; tuvo una espectacular actuaci\u00f3n forjada desde el sector de nataci\u00f3n en el que mantuvo el tipo para mantenerse en los primeros puestos a lo largo de toda la prueba brillando y regalando su mejor versi\u00f3n y entrando en 9 horas 53 minutos y 49 segundos a tan solo 5 minutos del vencedor, el local <strong>William Menneson<\/strong> (09:48:46), y a un minuto del segundo, todo un especialista habitual de los podios en esta prueba, el croata <strong>Andrej Vistika<\/strong> (09:52:14)<\/p>\n<p style=\"text-align: justify\">Por su parte el vasco <strong>Pello Osoro<\/strong> consegu\u00eda la 12\u00aa posici\u00f3n, el catal\u00e1n <strong>Erik Merino<\/strong> justo detr\u00e1s de Osoro y <strong>Francesc Artigues<\/strong> completaba el Top 15 de la m\u00edtica prueba francesa.<\/p>\n<blockquote class=\"instagram-media\" style=\"background: #FFF; border: 0; border-radius: 3px; box-shadow: 0 0 1px 0 rgba(0,0,0,0.5),0 1px 10px 0 rgba(0,0,0,0.15); margin: 1px; max-width: 540px; min-width: 326px; padding: 0; width: calc(100% - 2px)\" data-instgrm-captioned=\"\" data-instgrm-permalink=\"https:\/\/www.instagram.com\/p\/B1MMlRZCIPt\/\" data-instgrm-version=\"12\">\n<div style=\"padding: 16px\">\n<p>&nbsp;<\/p>\n<div style=\"display: flex; flex-direction: row; align-items: center\">\n<div style=\"background-color: #f4f4f4; border-radius: 50%; flex-grow: 0; height: 40px; margin-right: 14px; width: 40px\"><\/div>\n<div style=\"display: flex; flex-direction: column; flex-grow: 1; justify-content: center\">\n<div style=\"background-color: #f4f4f4; border-radius: 4px; flex-grow: 0; height: 14px; margin-bottom: 6px; width: 100px\"><\/div>\n<div style=\"background-color: #f4f4f4; border-radius: 4px; flex-grow: 0; height: 14px; width: 60px\"><\/div>\n<\/div>\n<\/div>\n<div style=\"padding: 19% 0\"><\/div>\n<div style=\"display: block; height: 50px; margin: 0 auto 12px; width: 50px\"><\/div>\n<div style=\"padding-top: 8px\">\n<div style=\"color: #3897f0; font-family: Arial,sans-serif; font-size: 14px; font-style: normal; font-weight: 550; line-height: 18px\">Ver esta publicaci\u00f3n en Instagram<\/div>\n<\/div>\n<div style=\"padding: 12.5% 0\"><\/div>\n<div style=\"display: flex; flex-direction: row; margin-bottom: 14px; align-items: center\">\n<div>\n<div style=\"background-color: #f4f4f4; border-radius: 50%; height: 12.5px; width: 12.5px; transform: translateX(0px) translateY(7px)\"><\/div>\n<div style=\"background-color: #f4f4f4; height: 12.5px; transform: rotate(-45deg) translateX(3px) translateY(1px); width: 12.5px; flex-grow: 0; margin-right: 14px; margin-left: 2px\"><\/div>\n<div style=\"background-color: #f4f4f4; border-radius: 50%; height: 12.5px; width: 12.5px; transform: translateX(9px) translateY(-18px)\"><\/div>\n<\/div>\n<div style=\"margin-left: 8px\">\n<div style=\"background-color: #f4f4f4; border-radius: 50%; flex-grow: 0; height: 20px; width: 20px\"><\/div>\n<div style=\"width: 0; height: 0; border-top: 2px solid transparent; border-left: 6px solid #f4f4f4; border-bottom: 2px solid transparent; transform: translateX(16px) translateY(-4px) rotate(30deg)\"><\/div>\n<\/div>\n<div style=\"margin-left: auto\">\n<div style=\"width: 0px; border-top: 8px solid #F4F4F4; border-right: 8px solid transparent; transform: translateY(16px)\"><\/div>\n<div style=\"background-color: #f4f4f4; flex-grow: 0; height: 12px; width: 16px; transform: translateY(-4px)\"><\/div>\n<div style=\"width: 0; height: 0; border-top: 8px solid #F4F4F4; border-left: 8px solid transparent; transform: translateY(-4px) translateX(8px)\"><\/div>\n<\/div>\n<\/div>\n<p>&nbsp;<\/p>\n<p style=\"margin: 8px 0 0 0; padding: 0 4px\"><a style=\"color: #000; font-family: Arial,sans-serif; font-size: 14px; font-style: normal; font-weight: normal; line-height: 17px; text-decoration: none; word-wrap: break-word\" href=\"https:\/\/www.instagram.com\/p\/B1MMlRZCIPt\/\" target=\"_blank\" rel=\"noopener nofollow\">DEJEN SUS COMENTARIOS! A nosotros no nos quedan adjetivos para calificar lo que est\u00e1 consiguiendo @koraxan<\/a><\/p>\n<p style=\"color: #c9c8cd; font-family: Arial,sans-serif; font-size: 14px; line-height: 17px; margin-bottom: 0; margin-top: 8px; overflow: hidden; padding: 8px 0 7px; text-align: center; text-overflow: ellipsis; white-space: nowrap\">Una publicaci\u00f3n compartida de <a style=\"color: #c9c8cd; font-family: Arial,sans-serif; font-size: 14px; font-style: normal; font-weight: normal; line-height: 17px\" href=\"https:\/\/www.instagram.com\/triatletasenred\/\" target=\"_blank\" rel=\"noopener nofollow\"> Triatlon<\/a> (@triatletasenred) el <time style=\"font-family: Arial,sans-serif; font-size: 14px; line-height: 17px\" datetime=\"2019-08-15T16:00:58+00:00\">15 Ago, 2019 a las 9:00 PDT<\/time><\/p>\n<\/div>\n<\/blockquote>\n<p style=\"text-align: justify\"><script async src=\"https:\/\/www.instagram.com\/embed.js\"><\/script><\/p>\n","protected":false},"excerpt":{"rendered":"<p>Grandes resultados para nuestros representantes en el triatl\u00f3n de larga distancia m\u00e1s duro del planeta. Judith Corach\u00e1n sigue su imparable y ascendente racha mientras que Victor Del Corral, tercero, agranda su curr\u00edculum en Embrun. Judith Corach\u00e1n parece no tener l\u00edmites y en una temporada para enmarcar y tras su espectacular actuaci\u00f3n en el IRONMAN Vitoria, [&hellip;]<\/p>\n","protected":false},"author":2,"featured_media":63300,"comment_status":"closed","ping_status":"closed","sticky":false,"template":"","format":"standard","meta":{"_acf_changed":false,"rank_math_lock_modified_date":false,"footnotes":""},"categories":[2033,17],"tags":[840,7122],"class_list":{"0":"post-63778","1":"post","2":"type-post","3":"status-publish","4":"format-standard","5":"has-post-thumbnail","7":"category-sport","8":"category-actualidad","9":"tag-embrunman","10":"tag-judith-corachan-victor-del-corral"},"acf":[],"_links":{"self":[{"href":"https:\/\/miurltemporal.com/main/triatletasenred.sport.es\/wp-json\/wp\/v2\/posts\/63778"}],"collection":[{"href":"https:\/\/miurltemporal.com/main/triatletasenred.sport.es\/wp-json\/wp\/v2\/posts"}],"about":[{"href":"https:\/\/miurltemporal.com/main/triatletasenred.sport.es\/wp-json\/wp\/v2\/types\/post"}],"author":[{"embeddable":true,"href":"https:\/\/miurltemporal.com/main/triatletasenred.sport.es\/wp-json\/wp\/v2\/users\/2"}],"replies":[{"embeddable":true,"href":"https:\/\/miurltemporal.com/main/triatletasenred.sport.es\/wp-json\/wp\/v2\/comments?post=63778"}],"version-history":[{"count":0,"href":"https:\/\/miurltemporal.com/main/triatletasenred.sport.es\/wp-json\/wp\/v2\/posts\/63778\/revisions"}],"wp:featuredmedia":[{"embeddable":true,"href":"https:\/\/miurltemporal.com/main/triatletasenred.sport.es\/wp-json\/wp\/v2\/media\/63300"}],"wp:attachment":[{"href":"https:\/\/miurltemporal.com/main/triatletasenred.sport.es\/wp-json\/wp\/v2\/media?parent=63778"}],"wp:term":[{"taxonomy":"category","embeddable":true,"href":"https:\/\/miurltemporal.com/main/triatletasenred.sport.es\/wp-json\/wp\/v2\/categories?post=63778"},{"taxonomy":"post_tag","embeddable":true,"href":"https:\/\/miurltemporal.com/main/triatletasenred.sport.es\/wp-json\/wp\/v2\/tags?post=63778"}],"curies":[{"name":"wp","href":"https:\/\/api.w.org\/{rel}","templated":true}]}}